

{"id":998,"date":"2015-12-17T09:30:07","date_gmt":"2015-12-17T08:30:07","guid":{"rendered":"http:\/\/lamilagrosapolanco.com\/?p=998"},"modified":"2015-12-17T09:30:07","modified_gmt":"2015-12-17T08:30:07","slug":"inauguramos-el-belen-del-colegio","status":"publish","type":"post","link":"https:\/\/lamilagrosapolanco.com\/?p=998","title":{"rendered":"INAUGURAMOS EL BEL\u00c9N DEL COLEGIO"},"content":{"rendered":"<p>El pasado 9 de diciembre inauguramos el bel\u00e9n de nuestro Centro Educativo. Colocado en frente de la Capilla, se puede visitar por todo aquel que est\u00e9 interesado. Destacar su realismo y su gran n\u00famero de figuras.\u00a0<img loading=\"lazy\" decoding=\"async\" class=\"aligncenter size-portfolio wp-image-999\" src=\"https:\/\/lamilagrosapolanco.com\/wp-content\/uploads\/2015\/12\/DSC05713-495x400.jpg\" alt=\"SONY DSC\" width=\"495\" height=\"400\" srcset=\"https:\/\/lamilagrosapolanco.com\/wp-content\/uploads\/2015\/12\/DSC05713-495x400.jpg 495w, https:\/\/lamilagrosapolanco.com\/wp-content\/uploads\/2015\/12\/DSC05713-710x575.jpg 710w\" sizes=\"(max-width: 495px) 100vw, 495px\" \/> <img loading=\"lazy\" decoding=\"async\" class=\"aligncenter size-portfolio wp-image-1000\" src=\"https:\/\/lamilagrosapolanco.com\/wp-content\/uploads\/2015\/12\/DSC05720-495x400.jpg\" alt=\"SONY DSC\" width=\"495\" height=\"400\" srcset=\"https:\/\/lamilagrosapolanco.com\/wp-content\/uploads\/2015\/12\/DSC05720-495x400.jpg 495w, https:\/\/lamilagrosapolanco.com\/wp-content\/uploads\/2015\/12\/DSC05720-710x575.jpg 710w\" sizes=\"(max-width: 495px) 100vw, 495px\" \/> <img loading=\"lazy\" decoding=\"async\" class=\"aligncenter size-portfolio wp-image-1001\" src=\"https:\/\/lamilagrosapolanco.com\/wp-content\/uploads\/2015\/12\/DSC05722-495x400.jpg\" alt=\"SONY DSC\" width=\"495\" height=\"400\" srcset=\"https:\/\/lamilagrosapolanco.com\/wp-content\/uploads\/2015\/12\/DSC05722-495x400.jpg 495w, https:\/\/lamilagrosapolanco.com\/wp-content\/uploads\/2015\/12\/DSC05722-710x575.jpg 710w\" sizes=\"(max-width: 495px) 100vw, 495px\" \/><\/p>\n","protected":false},"excerpt":{"rendered":"<p>El pasado 9 de diciembre inauguramos el bel\u00e9n de nuestro Centro Educativo. Colocado en frente de la Capilla, se puede visitar por todo aquel que est\u00e9 interesado. Destacar su realismo y su gran n\u00famero de figuras.\u00a0<\/p>\n","protected":false},"author":11,"featured_media":999,"comment_status":"open","ping_status":"closed","sticky":false,"template":"","format":"standard","meta":{"_et_pb_use_builder":"","_et_pb_old_content":"","_et_gb_content_width":"","footnotes":""},"categories":[1],"tags":[],"class_list":["post-998","post","type-post","status-publish","format-standard","has-post-thumbnail","hentry","category-noticias"],"_links":{"self":[{"href":"https:\/\/lamilagrosapolanco.com\/index.php?rest_route=\/wp\/v2\/posts\/998","targetHints":{"allow":["GET"]}}],"collection":[{"href":"https:\/\/lamilagrosapolanco.com\/index.php?rest_route=\/wp\/v2\/posts"}],"about":[{"href":"https:\/\/lamilagrosapolanco.com\/index.php?rest_route=\/wp\/v2\/types\/post"}],"author":[{"embeddable":true,"href":"https:\/\/lamilagrosapolanco.com\/index.php?rest_route=\/wp\/v2\/users\/11"}],"replies":[{"embeddable":true,"href":"https:\/\/lamilagrosapolanco.com\/index.php?rest_route=%2Fwp%2Fv2%2Fcomments&post=998"}],"version-history":[{"count":1,"href":"https:\/\/lamilagrosapolanco.com\/index.php?rest_route=\/wp\/v2\/posts\/998\/revisions"}],"predecessor-version":[{"id":1002,"href":"https:\/\/lamilagrosapolanco.com\/index.php?rest_route=\/wp\/v2\/posts\/998\/revisions\/1002"}],"wp:featuredmedia":[{"embeddable":true,"href":"https:\/\/lamilagrosapolanco.com\/index.php?rest_route=\/wp\/v2\/media\/999"}],"wp:attachment":[{"href":"https:\/\/lamilagrosapolanco.com\/index.php?rest_route=%2Fwp%2Fv2%2Fmedia&parent=998"}],"wp:term":[{"taxonomy":"category","embeddable":true,"href":"https:\/\/lamilagrosapolanco.com\/index.php?rest_route=%2Fwp%2Fv2%2Fcategories&post=998"},{"taxonomy":"post_tag","embeddable":true,"href":"https:\/\/lamilagrosapolanco.com\/index.php?rest_route=%2Fwp%2Fv2%2Ftags&post=998"}],"curies":[{"name":"wp","href":"https:\/\/api.w.org\/{rel}","templated":true}]}}