

{"id":984,"date":"2015-12-09T09:07:52","date_gmt":"2015-12-09T08:07:52","guid":{"rendered":"http:\/\/lamilagrosapolanco.com\/?p=984"},"modified":"2015-12-09T09:07:52","modified_gmt":"2015-12-09T08:07:52","slug":"dia-de-la-milagrosa","status":"publish","type":"post","link":"https:\/\/lamilagrosapolanco.com\/?p=984","title":{"rendered":"D\u00cdA DE LA MILAGROSA"},"content":{"rendered":"<p>El pasado\u00a0viernes,\u00a025 de noviembre, toda la Comunidad Educativa festej\u00f3 la Virgen Milagrosa. En primer lugar, los alumnos de 6\u00ba de primaria hicieron una representaci\u00f3n de la aparici\u00f3n de la Virgen a Santa Catalina Labour\u00e9.<\/p>\n<p><img loading=\"lazy\" decoding=\"async\" class=\"aligncenter size-portfolio wp-image-985\" src=\"https:\/\/lamilagrosapolanco.com\/wp-content\/uploads\/2015\/12\/DSC05228-495x400.jpg\" alt=\"SONY DSC\" width=\"495\" height=\"400\" srcset=\"https:\/\/lamilagrosapolanco.com\/wp-content\/uploads\/2015\/12\/DSC05228-495x400.jpg 495w, https:\/\/lamilagrosapolanco.com\/wp-content\/uploads\/2015\/12\/DSC05228-710x575.jpg 710w\" sizes=\"(max-width: 495px) 100vw, 495px\" \/> <img loading=\"lazy\" decoding=\"async\" class=\"aligncenter size-portfolio wp-image-986\" src=\"https:\/\/lamilagrosapolanco.com\/wp-content\/uploads\/2015\/12\/DSC05224-495x400.jpg\" alt=\"SONY DSC\" width=\"495\" height=\"400\" srcset=\"https:\/\/lamilagrosapolanco.com\/wp-content\/uploads\/2015\/12\/DSC05224-495x400.jpg 495w, https:\/\/lamilagrosapolanco.com\/wp-content\/uploads\/2015\/12\/DSC05224-710x575.jpg 710w\" sizes=\"(max-width: 495px) 100vw, 495px\" \/> <img loading=\"lazy\" decoding=\"async\" class=\"aligncenter size-portfolio wp-image-987\" src=\"https:\/\/lamilagrosapolanco.com\/wp-content\/uploads\/2015\/12\/DSC05284-495x400.jpg\" alt=\"SONY DSC\" width=\"495\" height=\"400\" srcset=\"https:\/\/lamilagrosapolanco.com\/wp-content\/uploads\/2015\/12\/DSC05284-495x400.jpg 495w, https:\/\/lamilagrosapolanco.com\/wp-content\/uploads\/2015\/12\/DSC05284-710x575.jpg 710w\" sizes=\"(max-width: 495px) 100vw, 495px\" \/> <img loading=\"lazy\" decoding=\"async\" class=\"aligncenter size-portfolio wp-image-988\" src=\"https:\/\/lamilagrosapolanco.com\/wp-content\/uploads\/2015\/12\/DSC05298-495x400.jpg\" alt=\"SONY DSC\" width=\"495\" height=\"400\" srcset=\"https:\/\/lamilagrosapolanco.com\/wp-content\/uploads\/2015\/12\/DSC05298-495x400.jpg 495w, https:\/\/lamilagrosapolanco.com\/wp-content\/uploads\/2015\/12\/DSC05298-710x575.jpg 710w\" sizes=\"(max-width: 495px) 100vw, 495px\" \/> <img loading=\"lazy\" decoding=\"async\" class=\"aligncenter size-portfolio wp-image-989\" src=\"https:\/\/lamilagrosapolanco.com\/wp-content\/uploads\/2015\/12\/DSC05214-495x400.jpg\" alt=\"SONY DSC\" width=\"495\" height=\"400\" srcset=\"https:\/\/lamilagrosapolanco.com\/wp-content\/uploads\/2015\/12\/DSC05214-495x400.jpg 495w, https:\/\/lamilagrosapolanco.com\/wp-content\/uploads\/2015\/12\/DSC05214-710x575.jpg 710w\" sizes=\"(max-width: 495px) 100vw, 495px\" \/><\/p>\n<p>&nbsp;<\/p>\n<p>M\u00e1s tarde, toda la Comunidad Educativa acudi\u00f3 a la capilla para asistir a la Eucarist\u00eda preparada por los alumnos de 5\u00ba de primaria.<\/p>\n<p><img loading=\"lazy\" decoding=\"async\" class=\"aligncenter size-portfolio wp-image-990\" src=\"https:\/\/lamilagrosapolanco.com\/wp-content\/uploads\/2015\/12\/DSC05380-495x400.jpg\" alt=\"SONY DSC\" width=\"495\" height=\"400\" srcset=\"https:\/\/lamilagrosapolanco.com\/wp-content\/uploads\/2015\/12\/DSC05380-495x400.jpg 495w, https:\/\/lamilagrosapolanco.com\/wp-content\/uploads\/2015\/12\/DSC05380-710x575.jpg 710w\" sizes=\"(max-width: 495px) 100vw, 495px\" \/> <img loading=\"lazy\" decoding=\"async\" class=\"aligncenter size-portfolio wp-image-991\" src=\"https:\/\/lamilagrosapolanco.com\/wp-content\/uploads\/2015\/12\/DSC05382-495x400.jpg\" alt=\"SONY DSC\" width=\"495\" height=\"400\" srcset=\"https:\/\/lamilagrosapolanco.com\/wp-content\/uploads\/2015\/12\/DSC05382-495x400.jpg 495w, https:\/\/lamilagrosapolanco.com\/wp-content\/uploads\/2015\/12\/DSC05382-710x575.jpg 710w\" sizes=\"(max-width: 495px) 100vw, 495px\" \/> <img loading=\"lazy\" decoding=\"async\" class=\"aligncenter size-portfolio wp-image-992\" src=\"https:\/\/lamilagrosapolanco.com\/wp-content\/uploads\/2015\/12\/DSC05432-495x400.jpg\" alt=\"SONY DSC\" width=\"495\" height=\"400\" srcset=\"https:\/\/lamilagrosapolanco.com\/wp-content\/uploads\/2015\/12\/DSC05432-495x400.jpg 495w, https:\/\/lamilagrosapolanco.com\/wp-content\/uploads\/2015\/12\/DSC05432-710x575.jpg 710w\" sizes=\"(max-width: 495px) 100vw, 495px\" \/> <img loading=\"lazy\" decoding=\"async\" class=\"aligncenter size-portfolio wp-image-993\" src=\"https:\/\/lamilagrosapolanco.com\/wp-content\/uploads\/2015\/12\/DSC05493-495x400.jpg\" alt=\"SONY DSC\" width=\"495\" height=\"400\" srcset=\"https:\/\/lamilagrosapolanco.com\/wp-content\/uploads\/2015\/12\/DSC05493-495x400.jpg 495w, https:\/\/lamilagrosapolanco.com\/wp-content\/uploads\/2015\/12\/DSC05493-710x575.jpg 710w\" sizes=\"(max-width: 495px) 100vw, 495px\" \/> <img loading=\"lazy\" decoding=\"async\" class=\"aligncenter size-portfolio wp-image-995\" src=\"https:\/\/lamilagrosapolanco.com\/wp-content\/uploads\/2015\/12\/DSC05585-495x400.jpg\" alt=\"SONY DSC\" width=\"495\" height=\"400\" srcset=\"https:\/\/lamilagrosapolanco.com\/wp-content\/uploads\/2015\/12\/DSC05585-495x400.jpg 495w, https:\/\/lamilagrosapolanco.com\/wp-content\/uploads\/2015\/12\/DSC05585-710x575.jpg 710w\" sizes=\"(max-width: 495px) 100vw, 495px\" \/><\/p>\n<p>Finalmente, la directora, S. M\u00aa Luz, hizo entrega a todos los presentes de la Medalla Milagrosa.<\/p>\n","protected":false},"excerpt":{"rendered":"<p>El pasado\u00a0viernes,\u00a025 de noviembre, toda la Comunidad Educativa festej\u00f3 la Virgen Milagrosa. En primer lugar, los alumnos de 6\u00ba de primaria hicieron una representaci\u00f3n de la aparici\u00f3n de la Virgen a Santa Catalina Labour\u00e9. &nbsp; M\u00e1s tarde, toda la Comunidad Educativa acudi\u00f3 a la capilla para asistir a la Eucarist\u00eda preparada por los alumnos de [&hellip;]<\/p>\n","protected":false},"author":11,"featured_media":990,"comment_status":"open","ping_status":"closed","sticky":false,"template":"","format":"standard","meta":{"_et_pb_use_builder":"","_et_pb_old_content":"","_et_gb_content_width":"","footnotes":""},"categories":[1],"tags":[],"class_list":["post-984","post","type-post","status-publish","format-standard","has-post-thumbnail","hentry","category-noticias"],"_links":{"self":[{"href":"https:\/\/lamilagrosapolanco.com\/index.php?rest_route=\/wp\/v2\/posts\/984","targetHints":{"allow":["GET"]}}],"collection":[{"href":"https:\/\/lamilagrosapolanco.com\/index.php?rest_route=\/wp\/v2\/posts"}],"about":[{"href":"https:\/\/lamilagrosapolanco.com\/index.php?rest_route=\/wp\/v2\/types\/post"}],"author":[{"embeddable":true,"href":"https:\/\/lamilagrosapolanco.com\/index.php?rest_route=\/wp\/v2\/users\/11"}],"replies":[{"embeddable":true,"href":"https:\/\/lamilagrosapolanco.com\/index.php?rest_route=%2Fwp%2Fv2%2Fcomments&post=984"}],"version-history":[{"count":1,"href":"https:\/\/lamilagrosapolanco.com\/index.php?rest_route=\/wp\/v2\/posts\/984\/revisions"}],"predecessor-version":[{"id":996,"href":"https:\/\/lamilagrosapolanco.com\/index.php?rest_route=\/wp\/v2\/posts\/984\/revisions\/996"}],"wp:featuredmedia":[{"embeddable":true,"href":"https:\/\/lamilagrosapolanco.com\/index.php?rest_route=\/wp\/v2\/media\/990"}],"wp:attachment":[{"href":"https:\/\/lamilagrosapolanco.com\/index.php?rest_route=%2Fwp%2Fv2%2Fmedia&parent=984"}],"wp:term":[{"taxonomy":"category","embeddable":true,"href":"https:\/\/lamilagrosapolanco.com\/index.php?rest_route=%2Fwp%2Fv2%2Fcategories&post=984"},{"taxonomy":"post_tag","embeddable":true,"href":"https:\/\/lamilagrosapolanco.com\/index.php?rest_route=%2Fwp%2Fv2%2Ftags&post=984"}],"curies":[{"name":"wp","href":"https:\/\/api.w.org\/{rel}","templated":true}]}}