

{"id":950,"date":"2015-11-16T09:08:50","date_gmt":"2015-11-16T08:08:50","guid":{"rendered":"http:\/\/lamilagrosapolanco.com\/?p=950"},"modified":"2015-11-16T09:08:50","modified_gmt":"2015-11-16T08:08:50","slug":"1o-2o-de-primaria-visitan-el-museo-de-la-naturaleza-de-carrejo","status":"publish","type":"post","link":"https:\/\/lamilagrosapolanco.com\/?p=950","title":{"rendered":"1\u00ba Y 2\u00ba DE PRIMARIA VISITAN EL MUSEO DE LA NATURALEZA DE CARREJO"},"content":{"rendered":"<p>El d\u00eda 29 de octubre, los cursos de 1\u00ba y 2\u00ba de Primaria del Colegio La Milagrosa, \u00a0hicimos una salida pedag\u00f3gica al\u00a0<strong>Museo de la Naturaleza de Carrejo<\/strong>\u00a0y despu\u00e9s comimos y pasamos la tarde en el parque de Cabez\u00f3n de la Sal.<\/p>\n<p>En el Museo, vimos muchas especies de animales, una gran colecci\u00f3n de mariposas, los diferentes ecosistemas de Cantabria, nos explicaron brevemente el arte de la taxidermia, etc\u2026<\/p>\n<p>Aqu\u00ed os dejamos unas fotos del maravilloso d\u00eda que pasamos junto con nuestras tutoras Marisa y Silvia.<img loading=\"lazy\" decoding=\"async\" class=\"aligncenter size-portfolio wp-image-951\" src=\"https:\/\/lamilagrosapolanco.com\/wp-content\/uploads\/2015\/11\/CARREJO-1-495x400.jpg\" alt=\"CARREJO 1\" width=\"495\" height=\"400\" srcset=\"https:\/\/lamilagrosapolanco.com\/wp-content\/uploads\/2015\/11\/CARREJO-1-495x400.jpg 495w, https:\/\/lamilagrosapolanco.com\/wp-content\/uploads\/2015\/11\/CARREJO-1-710x575.jpg 710w\" sizes=\"(max-width: 495px) 100vw, 495px\" \/> <img loading=\"lazy\" decoding=\"async\" class=\"aligncenter size-portfolio wp-image-952\" src=\"https:\/\/lamilagrosapolanco.com\/wp-content\/uploads\/2015\/11\/CARREJO-2-495x400.jpg\" alt=\"CARREJO 2\" width=\"495\" height=\"400\" srcset=\"https:\/\/lamilagrosapolanco.com\/wp-content\/uploads\/2015\/11\/CARREJO-2-495x400.jpg 495w, https:\/\/lamilagrosapolanco.com\/wp-content\/uploads\/2015\/11\/CARREJO-2-710x575.jpg 710w\" sizes=\"(max-width: 495px) 100vw, 495px\" \/> <img loading=\"lazy\" decoding=\"async\" class=\"aligncenter size-portfolio wp-image-953\" src=\"https:\/\/lamilagrosapolanco.com\/wp-content\/uploads\/2015\/11\/CARREJO-3-495x400.jpg\" alt=\"CARREJO 3\" width=\"495\" height=\"400\" srcset=\"https:\/\/lamilagrosapolanco.com\/wp-content\/uploads\/2015\/11\/CARREJO-3-495x400.jpg 495w, https:\/\/lamilagrosapolanco.com\/wp-content\/uploads\/2015\/11\/CARREJO-3-710x575.jpg 710w\" sizes=\"(max-width: 495px) 100vw, 495px\" \/> <img loading=\"lazy\" decoding=\"async\" class=\"aligncenter size-portfolio wp-image-954\" src=\"https:\/\/lamilagrosapolanco.com\/wp-content\/uploads\/2015\/11\/CARREJO-4-495x400.jpg\" alt=\"CARREJO 4\" width=\"495\" height=\"400\" srcset=\"https:\/\/lamilagrosapolanco.com\/wp-content\/uploads\/2015\/11\/CARREJO-4-495x400.jpg 495w, https:\/\/lamilagrosapolanco.com\/wp-content\/uploads\/2015\/11\/CARREJO-4-710x575.jpg 710w\" sizes=\"(max-width: 495px) 100vw, 495px\" \/> <img loading=\"lazy\" decoding=\"async\" class=\"aligncenter size-portfolio wp-image-955\" src=\"https:\/\/lamilagrosapolanco.com\/wp-content\/uploads\/2015\/11\/CARREJO-5-495x400.jpg\" alt=\"CARREJO 5\" width=\"495\" height=\"400\" srcset=\"https:\/\/lamilagrosapolanco.com\/wp-content\/uploads\/2015\/11\/CARREJO-5-495x400.jpg 495w, https:\/\/lamilagrosapolanco.com\/wp-content\/uploads\/2015\/11\/CARREJO-5-710x575.jpg 710w\" sizes=\"(max-width: 495px) 100vw, 495px\" \/><\/p>\n","protected":false},"excerpt":{"rendered":"<p>El d\u00eda 29 de octubre, los cursos de 1\u00ba y 2\u00ba de Primaria del Colegio La Milagrosa, \u00a0hicimos una salida pedag\u00f3gica al\u00a0Museo de la Naturaleza de Carrejo\u00a0y despu\u00e9s comimos y pasamos la tarde en el parque de Cabez\u00f3n de la Sal. En el Museo, vimos muchas especies de animales, una gran colecci\u00f3n de mariposas, los [&hellip;]<\/p>\n","protected":false},"author":11,"featured_media":953,"comment_status":"open","ping_status":"closed","sticky":false,"template":"","format":"standard","meta":{"_et_pb_use_builder":"","_et_pb_old_content":"","_et_gb_content_width":"","footnotes":""},"categories":[1],"tags":[],"class_list":["post-950","post","type-post","status-publish","format-standard","has-post-thumbnail","hentry","category-noticias"],"_links":{"self":[{"href":"https:\/\/lamilagrosapolanco.com\/index.php?rest_route=\/wp\/v2\/posts\/950","targetHints":{"allow":["GET"]}}],"collection":[{"href":"https:\/\/lamilagrosapolanco.com\/index.php?rest_route=\/wp\/v2\/posts"}],"about":[{"href":"https:\/\/lamilagrosapolanco.com\/index.php?rest_route=\/wp\/v2\/types\/post"}],"author":[{"embeddable":true,"href":"https:\/\/lamilagrosapolanco.com\/index.php?rest_route=\/wp\/v2\/users\/11"}],"replies":[{"embeddable":true,"href":"https:\/\/lamilagrosapolanco.com\/index.php?rest_route=%2Fwp%2Fv2%2Fcomments&post=950"}],"version-history":[{"count":1,"href":"https:\/\/lamilagrosapolanco.com\/index.php?rest_route=\/wp\/v2\/posts\/950\/revisions"}],"predecessor-version":[{"id":956,"href":"https:\/\/lamilagrosapolanco.com\/index.php?rest_route=\/wp\/v2\/posts\/950\/revisions\/956"}],"wp:featuredmedia":[{"embeddable":true,"href":"https:\/\/lamilagrosapolanco.com\/index.php?rest_route=\/wp\/v2\/media\/953"}],"wp:attachment":[{"href":"https:\/\/lamilagrosapolanco.com\/index.php?rest_route=%2Fwp%2Fv2%2Fmedia&parent=950"}],"wp:term":[{"taxonomy":"category","embeddable":true,"href":"https:\/\/lamilagrosapolanco.com\/index.php?rest_route=%2Fwp%2Fv2%2Fcategories&post=950"},{"taxonomy":"post_tag","embeddable":true,"href":"https:\/\/lamilagrosapolanco.com\/index.php?rest_route=%2Fwp%2Fv2%2Ftags&post=950"}],"curies":[{"name":"wp","href":"https:\/\/api.w.org\/{rel}","templated":true}]}}