

{"id":885,"date":"2015-09-29T16:39:10","date_gmt":"2015-09-29T14:39:10","guid":{"rendered":"http:\/\/lamilagrosapolanco.com\/?p=885"},"modified":"2015-09-29T16:39:10","modified_gmt":"2015-09-29T14:39:10","slug":"celebramos-la-festividad-de-san-vicente-de-paul","status":"publish","type":"post","link":"https:\/\/lamilagrosapolanco.com\/?p=885","title":{"rendered":"CELEBRAMOS LA FESTIVIDAD DE SAN VICENTE DE PA\u00daL"},"content":{"rendered":"<p>El pasado viernes, 25 de septiembre, toda la Comunidad Educativa del Colegio La Milagrosa, festej\u00f3 a San Vicente de Pa\u00fal. Como todos ya saben, fund\u00f3, junto con Luisa de Marillac, la Compa\u00f1\u00eda de las Hijas de la Caridad, a la cual pertenece nuestro Centro Educativo.<\/p>\n<p>Todos estuvimos en la capilla para oficiar la misa de D. Antonio. Junto a \u00e9l, los alumnos de 6\u00ba de primaria, recordaron la vida de San Vicente y todas sus obras a favor de los m\u00e1s desfavorecidos. Fui un d\u00eda inolvidable donde todos pasamos grandes momentos.<\/p>\n<p><img loading=\"lazy\" decoding=\"async\" class=\"aligncenter size-portfolio wp-image-886\" src=\"https:\/\/lamilagrosapolanco.com\/wp-content\/uploads\/2015\/09\/DSC02973-495x400.jpg\" alt=\"SONY DSC\" width=\"495\" height=\"400\" srcset=\"https:\/\/lamilagrosapolanco.com\/wp-content\/uploads\/2015\/09\/DSC02973-495x400.jpg 495w, https:\/\/lamilagrosapolanco.com\/wp-content\/uploads\/2015\/09\/DSC02973-710x575.jpg 710w\" sizes=\"(max-width: 495px) 100vw, 495px\" \/><img loading=\"lazy\" decoding=\"async\" class=\"aligncenter size-portfolio wp-image-888\" src=\"https:\/\/lamilagrosapolanco.com\/wp-content\/uploads\/2015\/09\/DSC02920-495x400.jpg\" alt=\"SONY DSC\" width=\"495\" height=\"400\" srcset=\"https:\/\/lamilagrosapolanco.com\/wp-content\/uploads\/2015\/09\/DSC02920-495x400.jpg 495w, https:\/\/lamilagrosapolanco.com\/wp-content\/uploads\/2015\/09\/DSC02920-710x575.jpg 710w\" sizes=\"(max-width: 495px) 100vw, 495px\" \/><img loading=\"lazy\" decoding=\"async\" class=\"aligncenter size-portfolio wp-image-887\" src=\"https:\/\/lamilagrosapolanco.com\/wp-content\/uploads\/2015\/09\/DSC02919-495x400.jpg\" alt=\"SONY DSC\" width=\"495\" height=\"400\" srcset=\"https:\/\/lamilagrosapolanco.com\/wp-content\/uploads\/2015\/09\/DSC02919-495x400.jpg 495w, https:\/\/lamilagrosapolanco.com\/wp-content\/uploads\/2015\/09\/DSC02919-710x575.jpg 710w\" sizes=\"(max-width: 495px) 100vw, 495px\" \/><img loading=\"lazy\" decoding=\"async\" class=\"aligncenter size-portfolio wp-image-889\" src=\"https:\/\/lamilagrosapolanco.com\/wp-content\/uploads\/2015\/09\/DSC02964-495x400.jpg\" alt=\"SONY DSC\" width=\"495\" height=\"400\" srcset=\"https:\/\/lamilagrosapolanco.com\/wp-content\/uploads\/2015\/09\/DSC02964-495x400.jpg 495w, https:\/\/lamilagrosapolanco.com\/wp-content\/uploads\/2015\/09\/DSC02964-710x575.jpg 710w\" sizes=\"(max-width: 495px) 100vw, 495px\" \/><img loading=\"lazy\" decoding=\"async\" class=\"aligncenter size-portfolio wp-image-891\" src=\"https:\/\/lamilagrosapolanco.com\/wp-content\/uploads\/2015\/09\/DSC02932-495x400.jpg\" alt=\"SONY DSC\" width=\"495\" height=\"400\" srcset=\"https:\/\/lamilagrosapolanco.com\/wp-content\/uploads\/2015\/09\/DSC02932-495x400.jpg 495w, https:\/\/lamilagrosapolanco.com\/wp-content\/uploads\/2015\/09\/DSC02932-710x575.jpg 710w\" sizes=\"(max-width: 495px) 100vw, 495px\" \/><img loading=\"lazy\" decoding=\"async\" class=\"aligncenter size-portfolio wp-image-890\" src=\"https:\/\/lamilagrosapolanco.com\/wp-content\/uploads\/2015\/09\/DSC02901-495x400.jpg\" alt=\"SONY DSC\" width=\"495\" height=\"400\" srcset=\"https:\/\/lamilagrosapolanco.com\/wp-content\/uploads\/2015\/09\/DSC02901-495x400.jpg 495w, https:\/\/lamilagrosapolanco.com\/wp-content\/uploads\/2015\/09\/DSC02901-710x575.jpg 710w\" sizes=\"(max-width: 495px) 100vw, 495px\" \/><\/p>\n<p>&nbsp;<\/p>\n","protected":false},"excerpt":{"rendered":"<p>El pasado viernes, 25 de septiembre, toda la Comunidad Educativa del Colegio La Milagrosa, festej\u00f3 a San Vicente de Pa\u00fal. Como todos ya saben, fund\u00f3, junto con Luisa de Marillac, la Compa\u00f1\u00eda de las Hijas de la Caridad, a la cual pertenece nuestro Centro Educativo. Todos estuvimos en la capilla para oficiar la misa de [&hellip;]<\/p>\n","protected":false},"author":11,"featured_media":892,"comment_status":"open","ping_status":"closed","sticky":false,"template":"","format":"standard","meta":{"_et_pb_use_builder":"","_et_pb_old_content":"","_et_gb_content_width":"","footnotes":""},"categories":[1],"tags":[],"class_list":["post-885","post","type-post","status-publish","format-standard","has-post-thumbnail","hentry","category-noticias"],"_links":{"self":[{"href":"https:\/\/lamilagrosapolanco.com\/index.php?rest_route=\/wp\/v2\/posts\/885","targetHints":{"allow":["GET"]}}],"collection":[{"href":"https:\/\/lamilagrosapolanco.com\/index.php?rest_route=\/wp\/v2\/posts"}],"about":[{"href":"https:\/\/lamilagrosapolanco.com\/index.php?rest_route=\/wp\/v2\/types\/post"}],"author":[{"embeddable":true,"href":"https:\/\/lamilagrosapolanco.com\/index.php?rest_route=\/wp\/v2\/users\/11"}],"replies":[{"embeddable":true,"href":"https:\/\/lamilagrosapolanco.com\/index.php?rest_route=%2Fwp%2Fv2%2Fcomments&post=885"}],"version-history":[{"count":1,"href":"https:\/\/lamilagrosapolanco.com\/index.php?rest_route=\/wp\/v2\/posts\/885\/revisions"}],"predecessor-version":[{"id":893,"href":"https:\/\/lamilagrosapolanco.com\/index.php?rest_route=\/wp\/v2\/posts\/885\/revisions\/893"}],"wp:featuredmedia":[{"embeddable":true,"href":"https:\/\/lamilagrosapolanco.com\/index.php?rest_route=\/wp\/v2\/media\/892"}],"wp:attachment":[{"href":"https:\/\/lamilagrosapolanco.com\/index.php?rest_route=%2Fwp%2Fv2%2Fmedia&parent=885"}],"wp:term":[{"taxonomy":"category","embeddable":true,"href":"https:\/\/lamilagrosapolanco.com\/index.php?rest_route=%2Fwp%2Fv2%2Fcategories&post=885"},{"taxonomy":"post_tag","embeddable":true,"href":"https:\/\/lamilagrosapolanco.com\/index.php?rest_route=%2Fwp%2Fv2%2Ftags&post=885"}],"curies":[{"name":"wp","href":"https:\/\/api.w.org\/{rel}","templated":true}]}}