

{"id":865,"date":"2015-06-16T15:52:06","date_gmt":"2015-06-16T13:52:06","guid":{"rendered":"http:\/\/lamilagrosapolanco.com\/?p=865"},"modified":"2015-06-16T15:52:06","modified_gmt":"2015-06-16T13:52:06","slug":"3o-de-primaria-visita-cabarceno","status":"publish","type":"post","link":"https:\/\/lamilagrosapolanco.com\/?p=865","title":{"rendered":"3\u00ba DE PRIMARIA VISITA CAB\u00c1RCENO"},"content":{"rendered":"<p>Los alumnos de <strong>3\u00ba de primaria<\/strong> visitaron el pasado lunes 8 de junio, el <strong>Parque de la Naturaleza de Cab\u00e1rceno<\/strong>. Esta visita se deb\u00eda al premio que hab\u00edan recibido de la Consejer\u00eda de Educaci\u00f3n, Cultura y Deporte, dentro del programa <strong>\u00abEducando a mi due\u00f1o\u00bb. <\/strong>Los alumnos se lo pasaron en grande, y pod\u00e9is verlo pulsando en el siguiente enlace:<\/p>\n<p><a href=\"https:\/\/youtu.be\/hBRioQqqBIQ\">https:\/\/youtu.be\/hBRioQqqBIQ<\/a><\/p>\n<p><strong>\u00a0<\/strong><\/p>\n","protected":false},"excerpt":{"rendered":"<p>Los alumnos de 3\u00ba de primaria visitaron el pasado lunes 8 de junio, el Parque de la Naturaleza de Cab\u00e1rceno. Esta visita se deb\u00eda al premio que hab\u00edan recibido de la Consejer\u00eda de Educaci\u00f3n, Cultura y Deporte, dentro del programa \u00abEducando a mi due\u00f1o\u00bb. Los alumnos se lo pasaron en grande, y pod\u00e9is verlo pulsando [&hellip;]<\/p>\n","protected":false},"author":11,"featured_media":866,"comment_status":"open","ping_status":"closed","sticky":false,"template":"","format":"standard","meta":{"_et_pb_use_builder":"","_et_pb_old_content":"","_et_gb_content_width":"","footnotes":""},"categories":[1],"tags":[],"class_list":["post-865","post","type-post","status-publish","format-standard","has-post-thumbnail","hentry","category-noticias"],"_links":{"self":[{"href":"https:\/\/lamilagrosapolanco.com\/index.php?rest_route=\/wp\/v2\/posts\/865","targetHints":{"allow":["GET"]}}],"collection":[{"href":"https:\/\/lamilagrosapolanco.com\/index.php?rest_route=\/wp\/v2\/posts"}],"about":[{"href":"https:\/\/lamilagrosapolanco.com\/index.php?rest_route=\/wp\/v2\/types\/post"}],"author":[{"embeddable":true,"href":"https:\/\/lamilagrosapolanco.com\/index.php?rest_route=\/wp\/v2\/users\/11"}],"replies":[{"embeddable":true,"href":"https:\/\/lamilagrosapolanco.com\/index.php?rest_route=%2Fwp%2Fv2%2Fcomments&post=865"}],"version-history":[{"count":1,"href":"https:\/\/lamilagrosapolanco.com\/index.php?rest_route=\/wp\/v2\/posts\/865\/revisions"}],"predecessor-version":[{"id":867,"href":"https:\/\/lamilagrosapolanco.com\/index.php?rest_route=\/wp\/v2\/posts\/865\/revisions\/867"}],"wp:featuredmedia":[{"embeddable":true,"href":"https:\/\/lamilagrosapolanco.com\/index.php?rest_route=\/wp\/v2\/media\/866"}],"wp:attachment":[{"href":"https:\/\/lamilagrosapolanco.com\/index.php?rest_route=%2Fwp%2Fv2%2Fmedia&parent=865"}],"wp:term":[{"taxonomy":"category","embeddable":true,"href":"https:\/\/lamilagrosapolanco.com\/index.php?rest_route=%2Fwp%2Fv2%2Fcategories&post=865"},{"taxonomy":"post_tag","embeddable":true,"href":"https:\/\/lamilagrosapolanco.com\/index.php?rest_route=%2Fwp%2Fv2%2Ftags&post=865"}],"curies":[{"name":"wp","href":"https:\/\/api.w.org\/{rel}","templated":true}]}}