

{"id":861,"date":"2015-06-05T10:58:09","date_gmt":"2015-06-05T08:58:09","guid":{"rendered":"http:\/\/lamilagrosapolanco.com\/?p=861"},"modified":"2015-06-05T10:58:09","modified_gmt":"2015-06-05T08:58:09","slug":"ofrenda-la-virgen-milagrosa-dia-de-los-abuelos","status":"publish","type":"post","link":"https:\/\/lamilagrosapolanco.com\/?p=861","title":{"rendered":"OFRENDA A LA VIRGEN MILAGROSA Y D\u00cdA DE LOS ABUELOS"},"content":{"rendered":"<p>El pasado 29 de mayo, la Comunidad Educativa del colegio La Milagrosa de Polanco, realiz\u00f3 la ofrenda floral a la Virgen Milagrosa. En ella participaron alumnos, familias y profesores. M\u00e1s tarde, los alumnos de 6 de primaria realizaron un teatro le\u00eddo para los abuelos y padres, el cual gust\u00f3 mucho. Ya, por \u00faltimo, se hizo una chocolatada para todo el centro, que degustaron con mucha alegr\u00eda.<\/p>\n<p>Para ver el v\u00eddeo del d\u00eda que celebramos, pulsa en el siguiente enlace:<\/p>\n<p><a href=\"https:\/\/youtu.be\/lAs5061eSco\">https:\/\/youtu.be\/lAs5061eSco<\/a><\/p>\n","protected":false},"excerpt":{"rendered":"<p>El pasado 29 de mayo, la Comunidad Educativa del colegio La Milagrosa de Polanco, realiz\u00f3 la ofrenda floral a la Virgen Milagrosa. En ella participaron alumnos, familias y profesores. M\u00e1s tarde, los alumnos de 6 de primaria realizaron un teatro le\u00eddo para los abuelos y padres, el cual gust\u00f3 mucho. Ya, por \u00faltimo, se hizo [&hellip;]<\/p>\n","protected":false},"author":11,"featured_media":862,"comment_status":"open","ping_status":"closed","sticky":false,"template":"","format":"standard","meta":{"_et_pb_use_builder":"","_et_pb_old_content":"","_et_gb_content_width":"","footnotes":""},"categories":[1],"tags":[],"class_list":["post-861","post","type-post","status-publish","format-standard","has-post-thumbnail","hentry","category-noticias"],"_links":{"self":[{"href":"https:\/\/lamilagrosapolanco.com\/index.php?rest_route=\/wp\/v2\/posts\/861","targetHints":{"allow":["GET"]}}],"collection":[{"href":"https:\/\/lamilagrosapolanco.com\/index.php?rest_route=\/wp\/v2\/posts"}],"about":[{"href":"https:\/\/lamilagrosapolanco.com\/index.php?rest_route=\/wp\/v2\/types\/post"}],"author":[{"embeddable":true,"href":"https:\/\/lamilagrosapolanco.com\/index.php?rest_route=\/wp\/v2\/users\/11"}],"replies":[{"embeddable":true,"href":"https:\/\/lamilagrosapolanco.com\/index.php?rest_route=%2Fwp%2Fv2%2Fcomments&post=861"}],"version-history":[{"count":1,"href":"https:\/\/lamilagrosapolanco.com\/index.php?rest_route=\/wp\/v2\/posts\/861\/revisions"}],"predecessor-version":[{"id":863,"href":"https:\/\/lamilagrosapolanco.com\/index.php?rest_route=\/wp\/v2\/posts\/861\/revisions\/863"}],"wp:featuredmedia":[{"embeddable":true,"href":"https:\/\/lamilagrosapolanco.com\/index.php?rest_route=\/wp\/v2\/media\/862"}],"wp:attachment":[{"href":"https:\/\/lamilagrosapolanco.com\/index.php?rest_route=%2Fwp%2Fv2%2Fmedia&parent=861"}],"wp:term":[{"taxonomy":"category","embeddable":true,"href":"https:\/\/lamilagrosapolanco.com\/index.php?rest_route=%2Fwp%2Fv2%2Fcategories&post=861"},{"taxonomy":"post_tag","embeddable":true,"href":"https:\/\/lamilagrosapolanco.com\/index.php?rest_route=%2Fwp%2Fv2%2Ftags&post=861"}],"curies":[{"name":"wp","href":"https:\/\/api.w.org\/{rel}","templated":true}]}}