

{"id":758,"date":"2015-03-13T10:46:25","date_gmt":"2015-03-13T09:46:25","guid":{"rendered":"http:\/\/lamilagrosapolanco.com\/?p=758"},"modified":"2015-03-13T10:46:25","modified_gmt":"2015-03-13T09:46:25","slug":"celebramos-el-dia-de-la-paz","status":"publish","type":"post","link":"https:\/\/lamilagrosapolanco.com\/?p=758","title":{"rendered":"Celebramos el D\u00eda de la Paz"},"content":{"rendered":"<p>El pasado jueves, 29 de Enero, celebramos el D\u00eda de la Paz. Debido a las condiciones meteorol\u00f3gicas tuvimos que realizar las actividades programadas en el polideportivo del centro, no pudiendo acudir a la plaza del Ayuntamiento como otros a\u00f1os. La celebraci\u00f3n estuvo compuesta por unas palabras y un peque\u00f1o baile de los alumnos de 6\u00ba de primaria, una entrega simb\u00f3lica de armas por parte de los alumnos de 3\u00ba curso del 2\u00ba ciclo de Educaci\u00f3n Infantil, el\u00a0env\u00edo de unas palomas mensajes y, por \u00faltimo y, m\u00e1s novedoso y llamativo para los ni\u00f1os, el lanzamiento de globos luminosos. Pasamos un gran d\u00eda, en donde todos nos concienciamos de lo importante que es vivir en paz.<img loading=\"lazy\" decoding=\"async\" class=\"aligncenter size-portfolio wp-image-759\" src=\"https:\/\/lamilagrosapolanco.com\/wp-content\/uploads\/2015\/03\/DSC02331-495x400.jpg\" alt=\"SONY DSC\" width=\"495\" height=\"400\" srcset=\"https:\/\/lamilagrosapolanco.com\/wp-content\/uploads\/2015\/03\/DSC02331-495x400.jpg 495w, https:\/\/lamilagrosapolanco.com\/wp-content\/uploads\/2015\/03\/DSC02331-710x575.jpg 710w\" sizes=\"(max-width: 495px) 100vw, 495px\" \/> <img loading=\"lazy\" decoding=\"async\" class=\"aligncenter size-portfolio wp-image-760\" src=\"https:\/\/lamilagrosapolanco.com\/wp-content\/uploads\/2015\/03\/DSC02401-495x400.jpg\" alt=\"SONY DSC\" width=\"495\" height=\"400\" srcset=\"https:\/\/lamilagrosapolanco.com\/wp-content\/uploads\/2015\/03\/DSC02401-495x400.jpg 495w, https:\/\/lamilagrosapolanco.com\/wp-content\/uploads\/2015\/03\/DSC02401-710x575.jpg 710w\" sizes=\"(max-width: 495px) 100vw, 495px\" \/> <img loading=\"lazy\" decoding=\"async\" class=\"aligncenter size-portfolio wp-image-761\" src=\"https:\/\/lamilagrosapolanco.com\/wp-content\/uploads\/2015\/03\/DSC02422-495x400.jpg\" alt=\"SONY DSC\" width=\"495\" height=\"400\" srcset=\"https:\/\/lamilagrosapolanco.com\/wp-content\/uploads\/2015\/03\/DSC02422-495x400.jpg 495w, https:\/\/lamilagrosapolanco.com\/wp-content\/uploads\/2015\/03\/DSC02422-710x575.jpg 710w\" sizes=\"(max-width: 495px) 100vw, 495px\" \/> <img loading=\"lazy\" decoding=\"async\" class=\"aligncenter size-portfolio wp-image-762\" src=\"https:\/\/lamilagrosapolanco.com\/wp-content\/uploads\/2015\/03\/DSC02431-495x400.jpg\" alt=\"SONY DSC\" width=\"495\" height=\"400\" srcset=\"https:\/\/lamilagrosapolanco.com\/wp-content\/uploads\/2015\/03\/DSC02431-495x400.jpg 495w, https:\/\/lamilagrosapolanco.com\/wp-content\/uploads\/2015\/03\/DSC02431-710x575.jpg 710w\" sizes=\"(max-width: 495px) 100vw, 495px\" \/> <img loading=\"lazy\" decoding=\"async\" class=\"aligncenter size-portfolio wp-image-763\" src=\"https:\/\/lamilagrosapolanco.com\/wp-content\/uploads\/2015\/03\/DSC02607-495x400.jpg\" alt=\"SONY DSC\" width=\"495\" height=\"400\" srcset=\"https:\/\/lamilagrosapolanco.com\/wp-content\/uploads\/2015\/03\/DSC02607-495x400.jpg 495w, https:\/\/lamilagrosapolanco.com\/wp-content\/uploads\/2015\/03\/DSC02607-710x575.jpg 710w\" sizes=\"(max-width: 495px) 100vw, 495px\" \/> <img loading=\"lazy\" decoding=\"async\" class=\"aligncenter size-portfolio wp-image-764\" src=\"https:\/\/lamilagrosapolanco.com\/wp-content\/uploads\/2015\/03\/DSC02649-495x400.jpg\" alt=\"SONY DSC\" width=\"495\" height=\"400\" srcset=\"https:\/\/lamilagrosapolanco.com\/wp-content\/uploads\/2015\/03\/DSC02649-495x400.jpg 495w, https:\/\/lamilagrosapolanco.com\/wp-content\/uploads\/2015\/03\/DSC02649-710x575.jpg 710w\" sizes=\"(max-width: 495px) 100vw, 495px\" \/> <img loading=\"lazy\" decoding=\"async\" class=\"aligncenter size-portfolio wp-image-765\" src=\"https:\/\/lamilagrosapolanco.com\/wp-content\/uploads\/2015\/03\/DSC02674-495x400.jpg\" alt=\"SONY DSC\" width=\"495\" height=\"400\" srcset=\"https:\/\/lamilagrosapolanco.com\/wp-content\/uploads\/2015\/03\/DSC02674-495x400.jpg 495w, https:\/\/lamilagrosapolanco.com\/wp-content\/uploads\/2015\/03\/DSC02674-710x575.jpg 710w\" sizes=\"(max-width: 495px) 100vw, 495px\" \/> <img loading=\"lazy\" decoding=\"async\" class=\"aligncenter size-portfolio wp-image-766\" src=\"https:\/\/lamilagrosapolanco.com\/wp-content\/uploads\/2015\/03\/DSC02686-495x400.jpg\" alt=\"SONY DSC\" width=\"495\" height=\"400\" srcset=\"https:\/\/lamilagrosapolanco.com\/wp-content\/uploads\/2015\/03\/DSC02686-495x400.jpg 495w, https:\/\/lamilagrosapolanco.com\/wp-content\/uploads\/2015\/03\/DSC02686-710x575.jpg 710w\" sizes=\"(max-width: 495px) 100vw, 495px\" \/><\/p>\n","protected":false},"excerpt":{"rendered":"<p>El pasado jueves, 29 de Enero, celebramos el D\u00eda de la Paz. Debido a las condiciones meteorol\u00f3gicas tuvimos que realizar las actividades programadas en el polideportivo del centro, no pudiendo acudir a la plaza del Ayuntamiento como otros a\u00f1os. La celebraci\u00f3n estuvo compuesta por unas palabras y un peque\u00f1o baile de los alumnos de 6\u00ba [&hellip;]<\/p>\n","protected":false},"author":11,"featured_media":767,"comment_status":"open","ping_status":"closed","sticky":false,"template":"","format":"standard","meta":{"_et_pb_use_builder":"","_et_pb_old_content":"","_et_gb_content_width":"","footnotes":""},"categories":[1],"tags":[],"class_list":["post-758","post","type-post","status-publish","format-standard","has-post-thumbnail","hentry","category-noticias"],"_links":{"self":[{"href":"https:\/\/lamilagrosapolanco.com\/index.php?rest_route=\/wp\/v2\/posts\/758","targetHints":{"allow":["GET"]}}],"collection":[{"href":"https:\/\/lamilagrosapolanco.com\/index.php?rest_route=\/wp\/v2\/posts"}],"about":[{"href":"https:\/\/lamilagrosapolanco.com\/index.php?rest_route=\/wp\/v2\/types\/post"}],"author":[{"embeddable":true,"href":"https:\/\/lamilagrosapolanco.com\/index.php?rest_route=\/wp\/v2\/users\/11"}],"replies":[{"embeddable":true,"href":"https:\/\/lamilagrosapolanco.com\/index.php?rest_route=%2Fwp%2Fv2%2Fcomments&post=758"}],"version-history":[{"count":1,"href":"https:\/\/lamilagrosapolanco.com\/index.php?rest_route=\/wp\/v2\/posts\/758\/revisions"}],"predecessor-version":[{"id":768,"href":"https:\/\/lamilagrosapolanco.com\/index.php?rest_route=\/wp\/v2\/posts\/758\/revisions\/768"}],"wp:featuredmedia":[{"embeddable":true,"href":"https:\/\/lamilagrosapolanco.com\/index.php?rest_route=\/wp\/v2\/media\/767"}],"wp:attachment":[{"href":"https:\/\/lamilagrosapolanco.com\/index.php?rest_route=%2Fwp%2Fv2%2Fmedia&parent=758"}],"wp:term":[{"taxonomy":"category","embeddable":true,"href":"https:\/\/lamilagrosapolanco.com\/index.php?rest_route=%2Fwp%2Fv2%2Fcategories&post=758"},{"taxonomy":"post_tag","embeddable":true,"href":"https:\/\/lamilagrosapolanco.com\/index.php?rest_route=%2Fwp%2Fv2%2Ftags&post=758"}],"curies":[{"name":"wp","href":"https:\/\/api.w.org\/{rel}","templated":true}]}}