

{"id":736,"date":"2015-02-05T11:12:54","date_gmt":"2015-02-05T10:12:54","guid":{"rendered":"http:\/\/lamilagrosapolanco.com\/?p=736"},"modified":"2015-02-05T11:12:54","modified_gmt":"2015-02-05T10:12:54","slug":"abierto-el-plazo-de-matricula-para-1o-ciclo-de-educacion-infantil","status":"publish","type":"post","link":"https:\/\/lamilagrosapolanco.com\/?p=736","title":{"rendered":"Abierto el plazo de matr\u00edcula para 1\u00ba ciclo de Educaci\u00f3n Infantil"},"content":{"rendered":"<p>Ya est\u00e1 abierto el plazo de reserva de plaza para el primer ciclo de educaci\u00f3n infantil \u00a01 y 2 a\u00f1os para el curso 2015-2016.<\/p>\n<p>Para m\u00e1s informaci\u00f3n recoger hoja de reserva de plaza en direcci\u00f3n o en la propia guarder\u00eda ( 1\u00ba ciclo de infantil )<\/p>\n<p>El\u00a0<b>horario<\/b>\u00a0para una atenci\u00f3n personal en Direcci\u00f3n es el siguiente:<\/p>\n<p>Lunes a viernes: de 9 a 10 h.<\/p>\n<p>Martes: de 15 a 17 h.<\/p>\n<p>Para cualquier consulta se atender\u00e1 tambi\u00e9n fuera de este horario:<\/p>\n<p>Personalmente, tfno.: 942 82 42 31.\u00a0 o correo:<\/p>\n<p>DIRECCI\u00d3N:\u00a0\u00a0<a href=\"mailto:lamilagrosap@planalfa.es\">lamilagrosap@planalfa.es<\/a><\/p>\n<p>ADMINISTRACI\u00d3N:\u00a0<a href=\"mailto:clamilagrosap.administracion@hijasdelacaridad.org\">clamilagrosap.administracion@hijasdelacaridad.org<\/a><\/p>\n<p>&nbsp;<\/p>\n<p><strong>[contact-form-7 id=\u00bb477&#8243; title=\u00bbFormulario de contacto 1&#8243;]<\/strong><\/p>\n","protected":false},"excerpt":{"rendered":"<p>Ya est\u00e1 abierto el plazo de reserva de plaza para el primer ciclo de educaci\u00f3n infantil \u00a01 y 2 a\u00f1os para el curso 2015-2016. Para m\u00e1s informaci\u00f3n recoger hoja de reserva de plaza en direcci\u00f3n o en la propia guarder\u00eda ( 1\u00ba ciclo de infantil ) El\u00a0horario\u00a0para una atenci\u00f3n personal en Direcci\u00f3n es el siguiente: [&hellip;]<\/p>\n","protected":false},"author":11,"featured_media":697,"comment_status":"open","ping_status":"closed","sticky":false,"template":"","format":"standard","meta":{"_et_pb_use_builder":"","_et_pb_old_content":"","_et_gb_content_width":"","footnotes":""},"categories":[1],"tags":[],"class_list":["post-736","post","type-post","status-publish","format-standard","has-post-thumbnail","hentry","category-noticias"],"_links":{"self":[{"href":"https:\/\/lamilagrosapolanco.com\/index.php?rest_route=\/wp\/v2\/posts\/736","targetHints":{"allow":["GET"]}}],"collection":[{"href":"https:\/\/lamilagrosapolanco.com\/index.php?rest_route=\/wp\/v2\/posts"}],"about":[{"href":"https:\/\/lamilagrosapolanco.com\/index.php?rest_route=\/wp\/v2\/types\/post"}],"author":[{"embeddable":true,"href":"https:\/\/lamilagrosapolanco.com\/index.php?rest_route=\/wp\/v2\/users\/11"}],"replies":[{"embeddable":true,"href":"https:\/\/lamilagrosapolanco.com\/index.php?rest_route=%2Fwp%2Fv2%2Fcomments&post=736"}],"version-history":[{"count":1,"href":"https:\/\/lamilagrosapolanco.com\/index.php?rest_route=\/wp\/v2\/posts\/736\/revisions"}],"predecessor-version":[{"id":737,"href":"https:\/\/lamilagrosapolanco.com\/index.php?rest_route=\/wp\/v2\/posts\/736\/revisions\/737"}],"wp:featuredmedia":[{"embeddable":true,"href":"https:\/\/lamilagrosapolanco.com\/index.php?rest_route=\/wp\/v2\/media\/697"}],"wp:attachment":[{"href":"https:\/\/lamilagrosapolanco.com\/index.php?rest_route=%2Fwp%2Fv2%2Fmedia&parent=736"}],"wp:term":[{"taxonomy":"category","embeddable":true,"href":"https:\/\/lamilagrosapolanco.com\/index.php?rest_route=%2Fwp%2Fv2%2Fcategories&post=736"},{"taxonomy":"post_tag","embeddable":true,"href":"https:\/\/lamilagrosapolanco.com\/index.php?rest_route=%2Fwp%2Fv2%2Ftags&post=736"}],"curies":[{"name":"wp","href":"https:\/\/api.w.org\/{rel}","templated":true}]}}