

{"id":710,"date":"2015-02-05T10:33:06","date_gmt":"2015-02-05T09:33:06","guid":{"rendered":"http:\/\/lamilagrosapolanco.com\/?p=710"},"modified":"2015-02-05T10:51:19","modified_gmt":"2015-02-05T09:51:19","slug":"visitamos-el-belen-de-cudon","status":"publish","type":"post","link":"https:\/\/lamilagrosapolanco.com\/?p=710","title":{"rendered":"Visitamos el Bel\u00e9n de Cud\u00f3n"},"content":{"rendered":"<p>Durante la ma\u00f1ana del jueves 11 de Diciembre, todas las clases han visitado el Bel\u00e9n de la localidad de Cud\u00f3n. Lo cierto es que es uno de los belenes m\u00e1s importantes de la regi\u00f3n, ya que cuenta con m\u00e1s de 300 piezas con movilidad, que le otorgan un realismo digno de admirar. Los alumnos quedaron encantados y, con ganas de repetir la navidad que viene.<\/p>\n<p><img loading=\"lazy\" decoding=\"async\" class=\"aligncenter size-portfolio wp-image-711\" src=\"https:\/\/lamilagrosapolanco.com\/wp-content\/uploads\/2015\/02\/PC110161-495x400.jpg\" alt=\"OLYMPUS DIGITAL CAMERA\" width=\"495\" height=\"400\" srcset=\"https:\/\/lamilagrosapolanco.com\/wp-content\/uploads\/2015\/02\/PC110161-495x400.jpg 495w, https:\/\/lamilagrosapolanco.com\/wp-content\/uploads\/2015\/02\/PC110161-710x575.jpg 710w\" sizes=\"(max-width: 495px) 100vw, 495px\" \/> <img loading=\"lazy\" decoding=\"async\" class=\"aligncenter size-portfolio wp-image-712\" src=\"https:\/\/lamilagrosapolanco.com\/wp-content\/uploads\/2015\/02\/PC110164-495x400.jpg\" alt=\"OLYMPUS DIGITAL CAMERA\" width=\"495\" height=\"400\" srcset=\"https:\/\/lamilagrosapolanco.com\/wp-content\/uploads\/2015\/02\/PC110164-495x400.jpg 495w, https:\/\/lamilagrosapolanco.com\/wp-content\/uploads\/2015\/02\/PC110164-710x575.jpg 710w\" sizes=\"(max-width: 495px) 100vw, 495px\" \/> <img loading=\"lazy\" decoding=\"async\" class=\"aligncenter size-portfolio wp-image-713\" src=\"https:\/\/lamilagrosapolanco.com\/wp-content\/uploads\/2015\/02\/PC110169-495x400.jpg\" alt=\"OLYMPUS DIGITAL CAMERA\" width=\"495\" height=\"400\" srcset=\"https:\/\/lamilagrosapolanco.com\/wp-content\/uploads\/2015\/02\/PC110169-495x400.jpg 495w, https:\/\/lamilagrosapolanco.com\/wp-content\/uploads\/2015\/02\/PC110169-710x575.jpg 710w\" sizes=\"(max-width: 495px) 100vw, 495px\" \/> <img loading=\"lazy\" decoding=\"async\" class=\"aligncenter size-portfolio wp-image-714\" src=\"https:\/\/lamilagrosapolanco.com\/wp-content\/uploads\/2015\/02\/PC110176-495x400.jpg\" alt=\"OLYMPUS DIGITAL CAMERA\" width=\"495\" height=\"400\" srcset=\"https:\/\/lamilagrosapolanco.com\/wp-content\/uploads\/2015\/02\/PC110176-495x400.jpg 495w, https:\/\/lamilagrosapolanco.com\/wp-content\/uploads\/2015\/02\/PC110176-710x575.jpg 710w\" sizes=\"(max-width: 495px) 100vw, 495px\" \/><\/p>\n","protected":false},"excerpt":{"rendered":"<p>Durante la ma\u00f1ana del jueves 11 de Diciembre, todas las clases han visitado el Bel\u00e9n de la localidad de Cud\u00f3n. Lo cierto es que es uno de los belenes m\u00e1s importantes de la regi\u00f3n, ya que cuenta con m\u00e1s de 300 piezas con movilidad, que le otorgan un realismo digno de admirar. Los alumnos quedaron [&hellip;]<\/p>\n","protected":false},"author":11,"featured_media":711,"comment_status":"open","ping_status":"closed","sticky":false,"template":"","format":"standard","meta":{"_et_pb_use_builder":"","_et_pb_old_content":"","_et_gb_content_width":"","footnotes":""},"categories":[1],"tags":[],"class_list":["post-710","post","type-post","status-publish","format-standard","has-post-thumbnail","hentry","category-noticias"],"_links":{"self":[{"href":"https:\/\/lamilagrosapolanco.com\/index.php?rest_route=\/wp\/v2\/posts\/710","targetHints":{"allow":["GET"]}}],"collection":[{"href":"https:\/\/lamilagrosapolanco.com\/index.php?rest_route=\/wp\/v2\/posts"}],"about":[{"href":"https:\/\/lamilagrosapolanco.com\/index.php?rest_route=\/wp\/v2\/types\/post"}],"author":[{"embeddable":true,"href":"https:\/\/lamilagrosapolanco.com\/index.php?rest_route=\/wp\/v2\/users\/11"}],"replies":[{"embeddable":true,"href":"https:\/\/lamilagrosapolanco.com\/index.php?rest_route=%2Fwp%2Fv2%2Fcomments&post=710"}],"version-history":[{"count":1,"href":"https:\/\/lamilagrosapolanco.com\/index.php?rest_route=\/wp\/v2\/posts\/710\/revisions"}],"predecessor-version":[{"id":715,"href":"https:\/\/lamilagrosapolanco.com\/index.php?rest_route=\/wp\/v2\/posts\/710\/revisions\/715"}],"wp:featuredmedia":[{"embeddable":true,"href":"https:\/\/lamilagrosapolanco.com\/index.php?rest_route=\/wp\/v2\/media\/711"}],"wp:attachment":[{"href":"https:\/\/lamilagrosapolanco.com\/index.php?rest_route=%2Fwp%2Fv2%2Fmedia&parent=710"}],"wp:term":[{"taxonomy":"category","embeddable":true,"href":"https:\/\/lamilagrosapolanco.com\/index.php?rest_route=%2Fwp%2Fv2%2Fcategories&post=710"},{"taxonomy":"post_tag","embeddable":true,"href":"https:\/\/lamilagrosapolanco.com\/index.php?rest_route=%2Fwp%2Fv2%2Ftags&post=710"}],"curies":[{"name":"wp","href":"https:\/\/api.w.org\/{rel}","templated":true}]}}