

{"id":6738,"date":"2024-04-22T13:06:50","date_gmt":"2024-04-22T11:06:50","guid":{"rendered":"https:\/\/lamilagrosapolanco.com\/?p=6738"},"modified":"2024-04-22T13:06:50","modified_gmt":"2024-04-22T11:06:50","slug":"22-de-abril-dia-de-la-tierra","status":"publish","type":"post","link":"https:\/\/lamilagrosapolanco.com\/?p=6738","title":{"rendered":"22 de Abril: D\u00eda de la Tierra"},"content":{"rendered":"<p>[et_pb_section fb_built=\u00bb1&#8243; theme_builder_area=\u00bbpost_content\u00bb _builder_version=\u00bb4.20.2&#8243; _module_preset=\u00bbdefault\u00bb][et_pb_row _builder_version=\u00bb4.20.2&#8243; _module_preset=\u00bbdefault\u00bb theme_builder_area=\u00bbpost_content\u00bb][et_pb_column _builder_version=\u00bb4.20.2&#8243; _module_preset=\u00bbdefault\u00bb type=\u00bb4_4&#8243; theme_builder_area=\u00bbpost_content\u00bb][et_pb_image _builder_version=\u00bb4.20.2&#8243; _module_preset=\u00bbdefault\u00bb theme_builder_area=\u00bbpost_content\u00bb title_text=\u00bbEncabezado-Jornadas 2 (1)\u00bb src=\u00bbhttps:\/\/lamilagrosapolanco.com\/wp-content\/uploads\/2023\/09\/Encabezado-Jornadas-2-1.png\u00bb hover_enabled=\u00bb0&#8243; sticky_enabled=\u00bb0&#8243;][\/et_pb_image][et_pb_text _builder_version=\u00bb4.20.2&#8243; _module_preset=\u00bbdefault\u00bb theme_builder_area=\u00bbpost_content\u00bb hover_enabled=\u00bb0&#8243; sticky_enabled=\u00bb0&#8243;]<\/p>\n<p> Hoy celebramos el #D\u00edaDeLaTierra con orgullo en nuestro colegio, donde hemos dedicado todo un a\u00f1o al cuidado del agua, inspirados por el Objetivo de Desarrollo Sostenible 14 de la ONU. Y donde consideramos los espacios del centro una parte esencial en nuestro aprendizaje.<\/p>\n<p>Desde un vibrante carnaval en homenaje al agua y al consumo responsable, hasta una semana cultural llena de actividades para todas las edades, desde los m\u00e1s peque\u00f1os a todas las familias del cole, hemos demostrado que cuidar nuestro planeta depende de cada uno de nosotros.<\/p>\n<p>Ma\u00f1ana trabajaremos el d\u00eda del libro  tambi\u00e9n con este objetivo, juntos cuidamos de nuestra casa com\u00fan y disfrutamos de nuestro verde colegio <\/p>\n<p>\u00a1Somos un cole verde y crecemos con los pies en la tierra! <\/p>\n<p>Mi cole, mi hogar \u263a\ufe0f<\/p>\n<p>#CuidadoDelAgua #ODS #Sostenibilidad #ColegioConsciente<\/p>\n<p>[\/et_pb_text][et_pb_video _builder_version=\u00bb4.20.2&#8243; _module_preset=\u00bbdefault\u00bb theme_builder_area=\u00bbpost_content\u00bb title_text=\u00bbVIDEO-2024-04-22-12-07-25 (1)\u00bb src=\u00bbhttps:\/\/lamilagrosapolanco.com\/wp-content\/uploads\/2024\/04\/VIDEO-2024-04-22-12-07-25-1.mp4&#8243; max_width=\u00bb50%\u00bb width=\u00bb50%\u00bb hover_enabled=\u00bb0&#8243; sticky_enabled=\u00bb0&#8243;][\/et_pb_video][et_pb_video _builder_version=\u00bb4.20.2&#8243; _module_preset=\u00bbdefault\u00bb theme_builder_area=\u00bbpost_content\u00bb title_text=\u00bbVIDEO-2024-04-22-12-07-25&#8243; src=\u00bbhttps:\/\/lamilagrosapolanco.com\/wp-content\/uploads\/2024\/04\/VIDEO-2024-04-22-12-07-25.mp4&#8243; width=\u00bb50%\u00bb max_width=\u00bb50%\u00bb hover_enabled=\u00bb0&#8243; sticky_enabled=\u00bb0&#8243;][\/et_pb_video][et_pb_video _builder_version=\u00bb4.20.2&#8243; _module_preset=\u00bbdefault\u00bb theme_builder_area=\u00bbpost_content\u00bb title_text=\u00bbVIDEO-2024-04-22-12-07-24&#8243; src=\u00bbhttps:\/\/lamilagrosapolanco.com\/wp-content\/uploads\/2024\/04\/VIDEO-2024-04-22-12-07-24.mp4&#8243; width=\u00bb50%\u00bb max_width=\u00bb50%\u00bb hover_enabled=\u00bb0&#8243; sticky_enabled=\u00bb0&#8243;][\/et_pb_video][et_pb_video _builder_version=\u00bb4.20.2&#8243; _module_preset=\u00bbdefault\u00bb theme_builder_area=\u00bbpost_content\u00bb title_text=\u00bbVIDEO-2024-04-22-12-07-23&#8243; src=\u00bbhttps:\/\/lamilagrosapolanco.com\/wp-content\/uploads\/2024\/04\/VIDEO-2024-04-22-12-07-23.mp4&#8243; width=\u00bb50%\u00bb max_width=\u00bb50%\u00bb hover_enabled=\u00bb0&#8243; sticky_enabled=\u00bb0&#8243;][\/et_pb_video][et_pb_video _builder_version=\u00bb4.20.2&#8243; _module_preset=\u00bbdefault\u00bb theme_builder_area=\u00bbpost_content\u00bb title_text=\u00bbVIDEO-2024-04-22-12-07-22&#8243; src=\u00bbhttps:\/\/lamilagrosapolanco.com\/wp-content\/uploads\/2024\/04\/VIDEO-2024-04-22-12-07-22.mp4&#8243; width=\u00bb50%\u00bb max_width=\u00bb50%\u00bb hover_enabled=\u00bb0&#8243; sticky_enabled=\u00bb0&#8243;][\/et_pb_video][et_pb_video _builder_version=\u00bb4.20.2&#8243; _module_preset=\u00bbdefault\u00bb theme_builder_area=\u00bbpost_content\u00bb title_text=\u00bbVIDEO-2024-04-22-12-07-20&#8243; src=\u00bbhttps:\/\/lamilagrosapolanco.com\/wp-content\/uploads\/2024\/04\/VIDEO-2024-04-22-12-07-20.mp4&#8243; width=\u00bb50%\u00bb max_width=\u00bb50%\u00bb hover_enabled=\u00bb0&#8243; sticky_enabled=\u00bb0&#8243;][\/et_pb_video][\/et_pb_column][\/et_pb_row][\/et_pb_section]<\/p>\n","protected":false},"excerpt":{"rendered":"<p>Hoy celebramos el #D\u00edaDeLaTierra con orgullo en nuestro colegio, donde hemos dedicado todo un a\u00f1o al cuidado del agua, inspirados por el Objetivo de Desarrollo Sostenible 14 de la ONU. Y donde consideramos los espacios del centro una parte esencial en nuestro aprendizaje. Desde un vibrante carnaval en homenaje al agua y al consumo responsable, [&hellip;]<\/p>\n","protected":false},"author":14,"featured_media":6749,"comment_status":"open","ping_status":"closed","sticky":false,"template":"","format":"standard","meta":{"_et_pb_use_builder":"on","_et_pb_old_content":"","_et_gb_content_width":"","footnotes":""},"categories":[1],"tags":[],"class_list":["post-6738","post","type-post","status-publish","format-standard","has-post-thumbnail","hentry","category-noticias"],"_links":{"self":[{"href":"https:\/\/lamilagrosapolanco.com\/index.php?rest_route=\/wp\/v2\/posts\/6738","targetHints":{"allow":["GET"]}}],"collection":[{"href":"https:\/\/lamilagrosapolanco.com\/index.php?rest_route=\/wp\/v2\/posts"}],"about":[{"href":"https:\/\/lamilagrosapolanco.com\/index.php?rest_route=\/wp\/v2\/types\/post"}],"author":[{"embeddable":true,"href":"https:\/\/lamilagrosapolanco.com\/index.php?rest_route=\/wp\/v2\/users\/14"}],"replies":[{"embeddable":true,"href":"https:\/\/lamilagrosapolanco.com\/index.php?rest_route=%2Fwp%2Fv2%2Fcomments&post=6738"}],"version-history":[{"count":5,"href":"https:\/\/lamilagrosapolanco.com\/index.php?rest_route=\/wp\/v2\/posts\/6738\/revisions"}],"predecessor-version":[{"id":6751,"href":"https:\/\/lamilagrosapolanco.com\/index.php?rest_route=\/wp\/v2\/posts\/6738\/revisions\/6751"}],"wp:featuredmedia":[{"embeddable":true,"href":"https:\/\/lamilagrosapolanco.com\/index.php?rest_route=\/wp\/v2\/media\/6749"}],"wp:attachment":[{"href":"https:\/\/lamilagrosapolanco.com\/index.php?rest_route=%2Fwp%2Fv2%2Fmedia&parent=6738"}],"wp:term":[{"taxonomy":"category","embeddable":true,"href":"https:\/\/lamilagrosapolanco.com\/index.php?rest_route=%2Fwp%2Fv2%2Fcategories&post=6738"},{"taxonomy":"post_tag","embeddable":true,"href":"https:\/\/lamilagrosapolanco.com\/index.php?rest_route=%2Fwp%2Fv2%2Ftags&post=6738"}],"curies":[{"name":"wp","href":"https:\/\/api.w.org\/{rel}","templated":true}]}}