

{"id":6657,"date":"2024-04-03T13:54:28","date_gmt":"2024-04-03T11:54:28","guid":{"rendered":"https:\/\/lamilagrosapolanco.com\/?p=6657"},"modified":"2024-04-03T13:57:15","modified_gmt":"2024-04-03T11:57:15","slug":"dia-meteorologico-mundial","status":"publish","type":"post","link":"https:\/\/lamilagrosapolanco.com\/?p=6657","title":{"rendered":"D\u00cdA METEOROL\u00d3GICO MUNDIAL 2024"},"content":{"rendered":"<p>[et_pb_section fb_built=\u00bb1&#8243; _builder_version=\u00bb4.20.2&#8243; _module_preset=\u00bbdefault\u00bb global_colors_info=\u00bb{}\u00bb][et_pb_row _builder_version=\u00bb4.20.2&#8243; _module_preset=\u00bbdefault\u00bb global_colors_info=\u00bb{}\u00bb][et_pb_column type=\u00bb4_4&#8243; _builder_version=\u00bb4.20.2&#8243; _module_preset=\u00bbdefault\u00bb global_colors_info=\u00bb{}\u00bb][et_pb_image src=\u00bbhttps:\/\/lamilagrosapolanco.com\/wp-content\/uploads\/2023\/09\/Encabezado-Jornadas-2-1.png\u00bb title_text=\u00bbEncabezado-Jornadas 2 (1)\u00bb _builder_version=\u00bb4.20.2&#8243; _module_preset=\u00bbdefault\u00bb global_colors_info=\u00bb{}\u00bb][\/et_pb_image][et_pb_text _builder_version=\u00bb4.20.2&#8243; _module_preset=\u00bbdefault\u00bb global_colors_info=\u00bb{}\u00bb]<\/p>\n<p>La Delegaci\u00f3n Territorial de la Agencia Estatal de Meteorolog\u00eda (Aemet) en Cantabria conmemor\u00f3 el D\u00eda Meteorol\u00f3gico Mundial el pasado jueves 21 de marzo, bajo el\u00a0 lema \u00abEn la primera l\u00ednea de la acci\u00f3n clim\u00e1tica\u00bb.<\/p>\n<p>El evento tuvo lugar en la propia Delegaci\u00f3n territorial y fue presentado por D. Arcadio Blasco Loureiro, actual Delegado de AEMET en Cantabria. Cont\u00f3 con la participaci\u00f3n de la delegada del Gobierno y el Director General de Personal de la Consejer\u00eda de Educaci\u00f3n.<\/p>\n<p>Durante la ceremonia, se hizo la entrega de los premios del VIII Concurso de Fotograf\u00eda Escolar \u00abObservando los meteoros de la atm\u00f3sfera\u00bb, una iniciativa integrada en el Proyecto Meteoescuela. Entre los galardonados se encuentra nuestro alumno A. G. F. de 5\u00ba de Primaria.<\/p>\n<p>[\/et_pb_text][et_pb_gallery gallery_ids=\u00bb6660,6661,6662&#8243; show_title_and_caption=\u00bboff\u00bb show_pagination=\u00bboff\u00bb _builder_version=\u00bb4.20.2&#8243; _module_preset=\u00bbdefault\u00bb global_colors_info=\u00bb{}\u00bb][\/et_pb_gallery][\/et_pb_column][\/et_pb_row][\/et_pb_section]<\/p>\n","protected":false},"excerpt":{"rendered":"<p>La Delegaci\u00f3n Territorial de la Agencia Estatal de Meteorolog\u00eda (Aemet) en Cantabria conmemor\u00f3 el D\u00eda Meteorol\u00f3gico Mundial el pasado jueves 21 de marzo, bajo el\u00a0 lema \u00abEn la primera l\u00ednea de la acci\u00f3n clim\u00e1tica\u00bb. El evento tuvo lugar en la propia Delegaci\u00f3n territorial y fue presentado por D. Arcadio Blasco Loureiro, actual Delegado de AEMET [&hellip;]<\/p>\n","protected":false},"author":14,"featured_media":6661,"comment_status":"open","ping_status":"closed","sticky":false,"template":"","format":"standard","meta":{"_et_pb_use_builder":"on","_et_pb_old_content":"","_et_gb_content_width":"","footnotes":""},"categories":[1],"tags":[],"class_list":["post-6657","post","type-post","status-publish","format-standard","has-post-thumbnail","hentry","category-noticias"],"_links":{"self":[{"href":"https:\/\/lamilagrosapolanco.com\/index.php?rest_route=\/wp\/v2\/posts\/6657","targetHints":{"allow":["GET"]}}],"collection":[{"href":"https:\/\/lamilagrosapolanco.com\/index.php?rest_route=\/wp\/v2\/posts"}],"about":[{"href":"https:\/\/lamilagrosapolanco.com\/index.php?rest_route=\/wp\/v2\/types\/post"}],"author":[{"embeddable":true,"href":"https:\/\/lamilagrosapolanco.com\/index.php?rest_route=\/wp\/v2\/users\/14"}],"replies":[{"embeddable":true,"href":"https:\/\/lamilagrosapolanco.com\/index.php?rest_route=%2Fwp%2Fv2%2Fcomments&post=6657"}],"version-history":[{"count":9,"href":"https:\/\/lamilagrosapolanco.com\/index.php?rest_route=\/wp\/v2\/posts\/6657\/revisions"}],"predecessor-version":[{"id":6671,"href":"https:\/\/lamilagrosapolanco.com\/index.php?rest_route=\/wp\/v2\/posts\/6657\/revisions\/6671"}],"wp:featuredmedia":[{"embeddable":true,"href":"https:\/\/lamilagrosapolanco.com\/index.php?rest_route=\/wp\/v2\/media\/6661"}],"wp:attachment":[{"href":"https:\/\/lamilagrosapolanco.com\/index.php?rest_route=%2Fwp%2Fv2%2Fmedia&parent=6657"}],"wp:term":[{"taxonomy":"category","embeddable":true,"href":"https:\/\/lamilagrosapolanco.com\/index.php?rest_route=%2Fwp%2Fv2%2Fcategories&post=6657"},{"taxonomy":"post_tag","embeddable":true,"href":"https:\/\/lamilagrosapolanco.com\/index.php?rest_route=%2Fwp%2Fv2%2Ftags&post=6657"}],"curies":[{"name":"wp","href":"https:\/\/api.w.org\/{rel}","templated":true}]}}