

{"id":6509,"date":"2023-12-20T09:25:27","date_gmt":"2023-12-20T08:25:27","guid":{"rendered":"https:\/\/lamilagrosapolanco.com\/?p=6509"},"modified":"2023-12-20T09:25:21","modified_gmt":"2023-12-20T08:25:21","slug":"lapbooks-5o-ep-la-diversidad-geografica","status":"publish","type":"post","link":"https:\/\/lamilagrosapolanco.com\/?p=6509","title":{"rendered":"LAPBOOKS 5\u00ba EP LA DIVERSIDAD GEOGR\u00c1FICA"},"content":{"rendered":"<p>[et_pb_section fb_built=\u00bb1&#8243; _builder_version=\u00bb4.20.2&#8243; _module_preset=\u00bbdefault\u00bb global_colors_info=\u00bb{}\u00bb][et_pb_row _builder_version=\u00bb4.20.2&#8243; _module_preset=\u00bbdefault\u00bb global_colors_info=\u00bb{}\u00bb][et_pb_column type=\u00bb4_4&#8243; _builder_version=\u00bb4.20.2&#8243; _module_preset=\u00bbdefault\u00bb global_colors_info=\u00bb{}\u00bb][et_pb_image src=\u00bbhttps:\/\/lamilagrosapolanco.com\/wp-content\/uploads\/2023\/09\/Encabezado-Jornadas-2-1.png\u00bb title_text=\u00bbEncabezado-Jornadas 2 (1)\u00bb _builder_version=\u00bb4.20.2&#8243; _module_preset=\u00bbdefault\u00bb global_colors_info=\u00bb{}\u00bb][\/et_pb_image][et_pb_text _builder_version=\u00bb4.20.2&#8243; _module_preset=\u00bbdefault\u00bb global_colors_info=\u00bb{}\u00bb]<\/p>\n<p>Los chicos y chicas de 5\u00ba de Primaria han elaborado unos lapbooks sobre la diversidad geogr\u00e1fica. Es un recurso muy \u00fatil para organizar sus ideas de una forma m\u00e1s clara y visual. Aqu\u00ed os dejamos algunas de sus creaciones.<\/p>\n<p>[\/et_pb_text][et_pb_gallery gallery_ids=\u00bb6515,6516&#8243; show_title_and_caption=\u00bboff\u00bb show_pagination=\u00bboff\u00bb _builder_version=\u00bb4.20.2&#8243; _module_preset=\u00bbdefault\u00bb global_colors_info=\u00bb{}\u00bb][\/et_pb_gallery][\/et_pb_column][\/et_pb_row][\/et_pb_section]<\/p>\n","protected":false},"excerpt":{"rendered":"<p>Los chicos y chicas de 5\u00ba de Primaria han elaborado unos lapbooks sobre la diversidad geogr\u00e1fica. Es un recurso muy \u00fatil para organizar sus ideas de una forma m\u00e1s clara y visual. Aqu\u00ed os dejamos algunas de sus creaciones.<\/p>\n","protected":false},"author":14,"featured_media":6515,"comment_status":"open","ping_status":"closed","sticky":false,"template":"","format":"standard","meta":{"_et_pb_use_builder":"on","_et_pb_old_content":"","_et_gb_content_width":"","footnotes":""},"categories":[1],"tags":[],"class_list":["post-6509","post","type-post","status-publish","format-standard","has-post-thumbnail","hentry","category-noticias"],"_links":{"self":[{"href":"https:\/\/lamilagrosapolanco.com\/index.php?rest_route=\/wp\/v2\/posts\/6509","targetHints":{"allow":["GET"]}}],"collection":[{"href":"https:\/\/lamilagrosapolanco.com\/index.php?rest_route=\/wp\/v2\/posts"}],"about":[{"href":"https:\/\/lamilagrosapolanco.com\/index.php?rest_route=\/wp\/v2\/types\/post"}],"author":[{"embeddable":true,"href":"https:\/\/lamilagrosapolanco.com\/index.php?rest_route=\/wp\/v2\/users\/14"}],"replies":[{"embeddable":true,"href":"https:\/\/lamilagrosapolanco.com\/index.php?rest_route=%2Fwp%2Fv2%2Fcomments&post=6509"}],"version-history":[{"count":4,"href":"https:\/\/lamilagrosapolanco.com\/index.php?rest_route=\/wp\/v2\/posts\/6509\/revisions"}],"predecessor-version":[{"id":6525,"href":"https:\/\/lamilagrosapolanco.com\/index.php?rest_route=\/wp\/v2\/posts\/6509\/revisions\/6525"}],"wp:featuredmedia":[{"embeddable":true,"href":"https:\/\/lamilagrosapolanco.com\/index.php?rest_route=\/wp\/v2\/media\/6515"}],"wp:attachment":[{"href":"https:\/\/lamilagrosapolanco.com\/index.php?rest_route=%2Fwp%2Fv2%2Fmedia&parent=6509"}],"wp:term":[{"taxonomy":"category","embeddable":true,"href":"https:\/\/lamilagrosapolanco.com\/index.php?rest_route=%2Fwp%2Fv2%2Fcategories&post=6509"},{"taxonomy":"post_tag","embeddable":true,"href":"https:\/\/lamilagrosapolanco.com\/index.php?rest_route=%2Fwp%2Fv2%2Ftags&post=6509"}],"curies":[{"name":"wp","href":"https:\/\/api.w.org\/{rel}","templated":true}]}}