

{"id":6484,"date":"2023-12-19T15:53:49","date_gmt":"2023-12-19T14:53:49","guid":{"rendered":"https:\/\/lamilagrosapolanco.com\/?p=6484"},"modified":"2023-12-19T15:53:53","modified_gmt":"2023-12-19T14:53:53","slug":"salida-didactica-navidad-en-torrelavega-3o-4o-5o-y-6o-primaria","status":"publish","type":"post","link":"https:\/\/lamilagrosapolanco.com\/?p=6484","title":{"rendered":"Salida Did\u00e1ctica Navidad en Torrelavega 3\u00ba, 4\u00ba, 5\u00ba y 6\u00ba Primaria"},"content":{"rendered":"<p>[et_pb_section fb_built=\u00bb1&#8243; _builder_version=\u00bb4.20.2&#8243; _module_preset=\u00bbdefault\u00bb global_colors_info=\u00bb{}\u00bb][et_pb_row _builder_version=\u00bb4.20.2&#8243; _module_preset=\u00bbdefault\u00bb global_colors_info=\u00bb{}\u00bb][et_pb_column type=\u00bb4_4&#8243; _builder_version=\u00bb4.20.2&#8243; _module_preset=\u00bbdefault\u00bb global_colors_info=\u00bb{}\u00bb][et_pb_image src=\u00bbhttps:\/\/lamilagrosapolanco.com\/wp-content\/uploads\/2023\/09\/Encabezado-Jornadas-2-1.png\u00bb title_text=\u00bbEncabezado-Jornadas 2 (1)\u00bb _builder_version=\u00bb4.20.2&#8243; _module_preset=\u00bbdefault\u00bb global_colors_info=\u00bb{}\u00bb][\/et_pb_image][et_pb_text _builder_version=\u00bb4.20.2&#8243; _module_preset=\u00bbdefault\u00bb global_colors_info=\u00bb{}\u00bb]<\/p>\n<p>El pasado viernes 15 de diciembre, 3\u00ba, 4\u00ba, 5\u00ba y 6\u00ba realizamos una salida a Torrelavega. All\u00ed, pudimos disfrutar de los belenes, hebreo y c\u00e1ntabro, elaborados por \u00c1ngel P\u00e9rez Ramos y expuestos en la Fundaci\u00f3n Asilo San Jos\u00e9.\u00a0<\/p>\n<p>\u00a1\u00a1\u00a1Qu\u00e9 bonitos!!! Fue una gran experiencia. Nos lo pasamos fenomenal.<\/p>\n<p>[\/et_pb_text][et_pb_gallery gallery_ids=\u00bb6527,6528,6529,6533&#8243; _builder_version=\u00bb4.20.2&#8243; _module_preset=\u00bbdefault\u00bb global_colors_info=\u00bb{}\u00bb][\/et_pb_gallery][\/et_pb_column][\/et_pb_row][\/et_pb_section]<\/p>\n","protected":false},"excerpt":{"rendered":"<p>El pasado viernes 15 de diciembre, 3\u00ba, 4\u00ba, 5\u00ba y 6\u00ba realizamos una salida a Torrelavega. All\u00ed, pudimos disfrutar de los belenes, hebreo y c\u00e1ntabro, elaborados por \u00c1ngel P\u00e9rez Ramos y expuestos en la Fundaci\u00f3n Asilo San Jos\u00e9.\u00a0 \u00a1\u00a1\u00a1Qu\u00e9 bonitos!!! Fue una gran experiencia. Nos lo pasamos fenomenal.<\/p>\n","protected":false},"author":14,"featured_media":6528,"comment_status":"open","ping_status":"closed","sticky":false,"template":"","format":"standard","meta":{"_et_pb_use_builder":"on","_et_pb_old_content":"","_et_gb_content_width":"","footnotes":""},"categories":[1],"tags":[],"class_list":["post-6484","post","type-post","status-publish","format-standard","has-post-thumbnail","hentry","category-noticias"],"_links":{"self":[{"href":"https:\/\/lamilagrosapolanco.com\/index.php?rest_route=\/wp\/v2\/posts\/6484","targetHints":{"allow":["GET"]}}],"collection":[{"href":"https:\/\/lamilagrosapolanco.com\/index.php?rest_route=\/wp\/v2\/posts"}],"about":[{"href":"https:\/\/lamilagrosapolanco.com\/index.php?rest_route=\/wp\/v2\/types\/post"}],"author":[{"embeddable":true,"href":"https:\/\/lamilagrosapolanco.com\/index.php?rest_route=\/wp\/v2\/users\/14"}],"replies":[{"embeddable":true,"href":"https:\/\/lamilagrosapolanco.com\/index.php?rest_route=%2Fwp%2Fv2%2Fcomments&post=6484"}],"version-history":[{"count":7,"href":"https:\/\/lamilagrosapolanco.com\/index.php?rest_route=\/wp\/v2\/posts\/6484\/revisions"}],"predecessor-version":[{"id":6545,"href":"https:\/\/lamilagrosapolanco.com\/index.php?rest_route=\/wp\/v2\/posts\/6484\/revisions\/6545"}],"wp:featuredmedia":[{"embeddable":true,"href":"https:\/\/lamilagrosapolanco.com\/index.php?rest_route=\/wp\/v2\/media\/6528"}],"wp:attachment":[{"href":"https:\/\/lamilagrosapolanco.com\/index.php?rest_route=%2Fwp%2Fv2%2Fmedia&parent=6484"}],"wp:term":[{"taxonomy":"category","embeddable":true,"href":"https:\/\/lamilagrosapolanco.com\/index.php?rest_route=%2Fwp%2Fv2%2Fcategories&post=6484"},{"taxonomy":"post_tag","embeddable":true,"href":"https:\/\/lamilagrosapolanco.com\/index.php?rest_route=%2Fwp%2Fv2%2Ftags&post=6484"}],"curies":[{"name":"wp","href":"https:\/\/api.w.org\/{rel}","templated":true}]}}