

{"id":6481,"date":"2023-12-19T15:53:13","date_gmt":"2023-12-19T14:53:13","guid":{"rendered":"https:\/\/lamilagrosapolanco.com\/?p=6481"},"modified":"2023-12-19T15:53:16","modified_gmt":"2023-12-19T14:53:16","slug":"salida-didactica-belen-de-cudon-infantil-y-1o-y-2o-de-primaria","status":"publish","type":"post","link":"https:\/\/lamilagrosapolanco.com\/?p=6481","title":{"rendered":"Salida Did\u00e1ctica Bel\u00e9n de Cud\u00f3n (Infantil y 1\u00ba y 2\u00ba de Primaria)"},"content":{"rendered":"<p>[et_pb_section fb_built=\u00bb1&#8243; _builder_version=\u00bb4.20.2&#8243; _module_preset=\u00bbdefault\u00bb global_colors_info=\u00bb{}\u00bb][et_pb_row _builder_version=\u00bb4.20.2&#8243; _module_preset=\u00bbdefault\u00bb global_colors_info=\u00bb{}\u00bb][et_pb_column type=\u00bb4_4&#8243; _builder_version=\u00bb4.20.2&#8243; _module_preset=\u00bbdefault\u00bb global_colors_info=\u00bb{}\u00bb][et_pb_image src=\u00bbhttps:\/\/lamilagrosapolanco.com\/wp-content\/uploads\/2023\/09\/Encabezado-Jornadas-2-1.png\u00bb title_text=\u00bbEncabezado-Jornadas 2 (1)\u00bb _builder_version=\u00bb4.20.2&#8243; _module_preset=\u00bbdefault\u00bb global_colors_info=\u00bb{}\u00bb][\/et_pb_image][et_pb_text _builder_version=\u00bb4.20.2&#8243; _module_preset=\u00bbdefault\u00bb global_colors_info=\u00bb{}\u00bb]<\/p>\n<p>Los ni\u00f1os y ni\u00f1as del segundo ciclo de Educaci\u00f3n Infantil realizamos nuestra primera salida escolar de este curso. Y que mejor que empezar visitando el precioso Bel\u00e9n de Cud\u00f3n donde descubrimos la cantidad de oficios que exist\u00edan, el entorno donde se encontraban y pudimos cantar nuestro mejor villancico al ni\u00f1o Jes\u00fas. \u00a1Que divertido es salir a descubrir el mundo!<\/p>\n<p>[\/et_pb_text][et_pb_gallery gallery_ids=\u00bb6536,6537,6538,6539,6540,6541,6542&#8243; _builder_version=\u00bb4.20.2&#8243; _module_preset=\u00bbdefault\u00bb global_colors_info=\u00bb{}\u00bb][\/et_pb_gallery][\/et_pb_column][\/et_pb_row][\/et_pb_section]<\/p>\n","protected":false},"excerpt":{"rendered":"<p>Los ni\u00f1os y ni\u00f1as del segundo ciclo de Educaci\u00f3n Infantil realizamos nuestra primera salida escolar de este curso. Y que mejor que empezar visitando el precioso Bel\u00e9n de Cud\u00f3n donde descubrimos la cantidad de oficios que exist\u00edan, el entorno donde se encontraban y pudimos cantar nuestro mejor villancico al ni\u00f1o Jes\u00fas. \u00a1Que divertido es salir [&hellip;]<\/p>\n","protected":false},"author":14,"featured_media":6541,"comment_status":"open","ping_status":"closed","sticky":false,"template":"","format":"standard","meta":{"_et_pb_use_builder":"on","_et_pb_old_content":"","_et_gb_content_width":"","footnotes":""},"categories":[1],"tags":[],"class_list":["post-6481","post","type-post","status-publish","format-standard","has-post-thumbnail","hentry","category-noticias"],"_links":{"self":[{"href":"https:\/\/lamilagrosapolanco.com\/index.php?rest_route=\/wp\/v2\/posts\/6481","targetHints":{"allow":["GET"]}}],"collection":[{"href":"https:\/\/lamilagrosapolanco.com\/index.php?rest_route=\/wp\/v2\/posts"}],"about":[{"href":"https:\/\/lamilagrosapolanco.com\/index.php?rest_route=\/wp\/v2\/types\/post"}],"author":[{"embeddable":true,"href":"https:\/\/lamilagrosapolanco.com\/index.php?rest_route=\/wp\/v2\/users\/14"}],"replies":[{"embeddable":true,"href":"https:\/\/lamilagrosapolanco.com\/index.php?rest_route=%2Fwp%2Fv2%2Fcomments&post=6481"}],"version-history":[{"count":5,"href":"https:\/\/lamilagrosapolanco.com\/index.php?rest_route=\/wp\/v2\/posts\/6481\/revisions"}],"predecessor-version":[{"id":6544,"href":"https:\/\/lamilagrosapolanco.com\/index.php?rest_route=\/wp\/v2\/posts\/6481\/revisions\/6544"}],"wp:featuredmedia":[{"embeddable":true,"href":"https:\/\/lamilagrosapolanco.com\/index.php?rest_route=\/wp\/v2\/media\/6541"}],"wp:attachment":[{"href":"https:\/\/lamilagrosapolanco.com\/index.php?rest_route=%2Fwp%2Fv2%2Fmedia&parent=6481"}],"wp:term":[{"taxonomy":"category","embeddable":true,"href":"https:\/\/lamilagrosapolanco.com\/index.php?rest_route=%2Fwp%2Fv2%2Fcategories&post=6481"},{"taxonomy":"post_tag","embeddable":true,"href":"https:\/\/lamilagrosapolanco.com\/index.php?rest_route=%2Fwp%2Fv2%2Ftags&post=6481"}],"curies":[{"name":"wp","href":"https:\/\/api.w.org\/{rel}","templated":true}]}}