

{"id":6360,"date":"2023-11-17T09:01:38","date_gmt":"2023-11-17T08:01:38","guid":{"rendered":"https:\/\/lamilagrosapolanco.com\/?p=6360"},"modified":"2023-11-17T09:01:41","modified_gmt":"2023-11-17T08:01:41","slug":"charla-guardia-civil-4o-5o-y-6o","status":"publish","type":"post","link":"https:\/\/lamilagrosapolanco.com\/?p=6360","title":{"rendered":"Charla Guardia Civil 4\u00ba, 5\u00ba y 6\u00ba"},"content":{"rendered":"<p>[et_pb_section fb_built=\u00bb1&#8243; _builder_version=\u00bb4.20.2&#8243; _module_preset=\u00bbdefault\u00bb global_colors_info=\u00bb{}\u00bb][et_pb_row _builder_version=\u00bb4.20.2&#8243; _module_preset=\u00bbdefault\u00bb global_colors_info=\u00bb{}\u00bb][et_pb_column type=\u00bb4_4&#8243; _builder_version=\u00bb4.20.2&#8243; _module_preset=\u00bbdefault\u00bb global_colors_info=\u00bb{}\u00bb][et_pb_image src=\u00bbhttps:\/\/lamilagrosapolanco.com\/wp-content\/uploads\/2023\/09\/Encabezado-Jornadas-2-1.png\u00bb title_text=\u00bbEncabezado-Jornadas 2 (1)\u00bb _builder_version=\u00bb4.20.2&#8243; _module_preset=\u00bbdefault\u00bb global_colors_info=\u00bb{}\u00bb][\/et_pb_image][et_pb_text _builder_version=\u00bb4.20.2&#8243; _module_preset=\u00bbdefault\u00bb global_colors_info=\u00bb{}\u00bb]<\/p>\n<p>Nuestro alumnado de 4\u00b0,5\u00b0 y 6\u00b0 ha recibido una charla muy importante de la mano de una Guardia Civil. Estas charlas est\u00e1n incluidas dentro del Plan Director de Seguridad, coordinadas por la Delegaci\u00f3n de Gobierno en Cantabria.<\/p>\n<p>Nos ha explicado, mostrado ejemplos y dado razones del uso correcto que debemos darle a las tecnolog\u00edas y redes sociales para que nos sirvan de ayuda y no de enemigo. Y sobre todo, c\u00f3mo pedir ayuda y a qui\u00e9n acudir en caso de que algo se nos escape de las manos.<\/p>\n<p>[\/et_pb_text][et_pb_gallery gallery_ids=\u00bb6382,6383,6386&#8243; show_title_and_caption=\u00bboff\u00bb show_pagination=\u00bboff\u00bb _builder_version=\u00bb4.20.2&#8243; _module_preset=\u00bbdefault\u00bb global_colors_info=\u00bb{}\u00bb][\/et_pb_gallery][\/et_pb_column][\/et_pb_row][\/et_pb_section]<\/p>\n","protected":false},"excerpt":{"rendered":"<p>Nuestro alumnado de 4\u00b0,5\u00b0 y 6\u00b0 ha recibido una charla muy importante de la mano de una Guardia Civil. Estas charlas est\u00e1n incluidas dentro del Plan Director de Seguridad, coordinadas por la Delegaci\u00f3n de Gobierno en Cantabria. Nos ha explicado, mostrado ejemplos y dado razones del uso correcto que debemos darle a las tecnolog\u00edas y [&hellip;]<\/p>\n","protected":false},"author":14,"featured_media":6383,"comment_status":"open","ping_status":"closed","sticky":false,"template":"","format":"standard","meta":{"_et_pb_use_builder":"on","_et_pb_old_content":"","_et_gb_content_width":"","footnotes":""},"categories":[1],"tags":[],"class_list":["post-6360","post","type-post","status-publish","format-standard","has-post-thumbnail","hentry","category-noticias"],"_links":{"self":[{"href":"https:\/\/lamilagrosapolanco.com\/index.php?rest_route=\/wp\/v2\/posts\/6360","targetHints":{"allow":["GET"]}}],"collection":[{"href":"https:\/\/lamilagrosapolanco.com\/index.php?rest_route=\/wp\/v2\/posts"}],"about":[{"href":"https:\/\/lamilagrosapolanco.com\/index.php?rest_route=\/wp\/v2\/types\/post"}],"author":[{"embeddable":true,"href":"https:\/\/lamilagrosapolanco.com\/index.php?rest_route=\/wp\/v2\/users\/14"}],"replies":[{"embeddable":true,"href":"https:\/\/lamilagrosapolanco.com\/index.php?rest_route=%2Fwp%2Fv2%2Fcomments&post=6360"}],"version-history":[{"count":7,"href":"https:\/\/lamilagrosapolanco.com\/index.php?rest_route=\/wp\/v2\/posts\/6360\/revisions"}],"predecessor-version":[{"id":6392,"href":"https:\/\/lamilagrosapolanco.com\/index.php?rest_route=\/wp\/v2\/posts\/6360\/revisions\/6392"}],"wp:featuredmedia":[{"embeddable":true,"href":"https:\/\/lamilagrosapolanco.com\/index.php?rest_route=\/wp\/v2\/media\/6383"}],"wp:attachment":[{"href":"https:\/\/lamilagrosapolanco.com\/index.php?rest_route=%2Fwp%2Fv2%2Fmedia&parent=6360"}],"wp:term":[{"taxonomy":"category","embeddable":true,"href":"https:\/\/lamilagrosapolanco.com\/index.php?rest_route=%2Fwp%2Fv2%2Fcategories&post=6360"},{"taxonomy":"post_tag","embeddable":true,"href":"https:\/\/lamilagrosapolanco.com\/index.php?rest_route=%2Fwp%2Fv2%2Ftags&post=6360"}],"curies":[{"name":"wp","href":"https:\/\/api.w.org\/{rel}","templated":true}]}}