

{"id":6254,"date":"2023-10-13T11:48:46","date_gmt":"2023-10-13T09:48:46","guid":{"rendered":"https:\/\/lamilagrosapolanco.com\/?p=6254"},"modified":"2023-10-24T15:10:20","modified_gmt":"2023-10-24T13:10:20","slug":"charla-misionera-del-congo","status":"publish","type":"post","link":"https:\/\/lamilagrosapolanco.com\/?p=6254","title":{"rendered":"Charla Misionera del Congo"},"content":{"rendered":"<p>[et_pb_section fb_built=\u00bb1&#8243; _builder_version=\u00bb4.20.2&#8243; _module_preset=\u00bbdefault\u00bb global_colors_info=\u00bb{}\u00bb][et_pb_row _builder_version=\u00bb4.20.2&#8243; _module_preset=\u00bbdefault\u00bb global_colors_info=\u00bb{}\u00bb][et_pb_column type=\u00bb4_4&#8243; _builder_version=\u00bb4.20.2&#8243; _module_preset=\u00bbdefault\u00bb global_colors_info=\u00bb{}\u00bb][et_pb_image src=\u00bbhttps:\/\/lamilagrosapolanco.com\/wp-content\/uploads\/2023\/09\/Encabezado-Jornadas-2-1.png\u00bb title_text=\u00bbEncabezado-Jornadas 2 (1)\u00bb _builder_version=\u00bb4.20.2&#8243; _module_preset=\u00bbdefault\u00bb global_colors_info=\u00bb{}\u00bb][\/et_pb_image][et_pb_text _builder_version=\u00bb4.20.2&#8243; _module_preset=\u00bbdefault\u00bb global_colors_info=\u00bb{}\u00bb]<\/p>\n<p>El pasado mi\u00e9rcoles hemos recibido la visita en el cole de Sor M\u00aaDolores, misionera de las Hijas de la Caridad, que en la actualidad realiza su labor en el Congo. Nos ha contado multitud de vivencias de sus 29 a\u00f1os en dicho lugar con los ni\u00f1os de la calle, en los colegios e institutos de las Hijas de la Caridad, con el personal docente, con los refugiados&#8230;<br \/>Gracias a su charla, nos ha transmitido la importancia de la solidaridad, la colaboraci\u00f3n, la oraci\u00f3n, la gratitud por los bienes de los que disfrutamos y, principalmente, la SENCILLEZ, que es el valor que este a\u00f1o estamos trabajando desde el cole.<\/p>\n<p>[\/et_pb_text][et_pb_gallery gallery_ids=\u00bb6263,6264,6266,6267,6272&#8243; show_title_and_caption=\u00bboff\u00bb show_pagination=\u00bboff\u00bb _builder_version=\u00bb4.20.2&#8243; _module_preset=\u00bbdefault\u00bb global_colors_info=\u00bb{}\u00bb][\/et_pb_gallery][\/et_pb_column][\/et_pb_row][\/et_pb_section]<\/p>\n","protected":false},"excerpt":{"rendered":"<p>El pasado mi\u00e9rcoles hemos recibido la visita en el cole de Sor M\u00aaDolores, misionera de las Hijas de la Caridad, que en la actualidad realiza su labor en el Congo. Nos ha contado multitud de vivencias de sus 29 a\u00f1os en dicho lugar con los ni\u00f1os de la calle, en los colegios e institutos de [&hellip;]<\/p>\n","protected":false},"author":14,"featured_media":6266,"comment_status":"open","ping_status":"closed","sticky":false,"template":"","format":"standard","meta":{"_et_pb_use_builder":"on","_et_pb_old_content":"","_et_gb_content_width":"","footnotes":""},"categories":[1],"tags":[],"class_list":["post-6254","post","type-post","status-publish","format-standard","has-post-thumbnail","hentry","category-noticias"],"_links":{"self":[{"href":"https:\/\/lamilagrosapolanco.com\/index.php?rest_route=\/wp\/v2\/posts\/6254","targetHints":{"allow":["GET"]}}],"collection":[{"href":"https:\/\/lamilagrosapolanco.com\/index.php?rest_route=\/wp\/v2\/posts"}],"about":[{"href":"https:\/\/lamilagrosapolanco.com\/index.php?rest_route=\/wp\/v2\/types\/post"}],"author":[{"embeddable":true,"href":"https:\/\/lamilagrosapolanco.com\/index.php?rest_route=\/wp\/v2\/users\/14"}],"replies":[{"embeddable":true,"href":"https:\/\/lamilagrosapolanco.com\/index.php?rest_route=%2Fwp%2Fv2%2Fcomments&post=6254"}],"version-history":[{"count":13,"href":"https:\/\/lamilagrosapolanco.com\/index.php?rest_route=\/wp\/v2\/posts\/6254\/revisions"}],"predecessor-version":[{"id":6291,"href":"https:\/\/lamilagrosapolanco.com\/index.php?rest_route=\/wp\/v2\/posts\/6254\/revisions\/6291"}],"wp:featuredmedia":[{"embeddable":true,"href":"https:\/\/lamilagrosapolanco.com\/index.php?rest_route=\/wp\/v2\/media\/6266"}],"wp:attachment":[{"href":"https:\/\/lamilagrosapolanco.com\/index.php?rest_route=%2Fwp%2Fv2%2Fmedia&parent=6254"}],"wp:term":[{"taxonomy":"category","embeddable":true,"href":"https:\/\/lamilagrosapolanco.com\/index.php?rest_route=%2Fwp%2Fv2%2Fcategories&post=6254"},{"taxonomy":"post_tag","embeddable":true,"href":"https:\/\/lamilagrosapolanco.com\/index.php?rest_route=%2Fwp%2Fv2%2Ftags&post=6254"}],"curies":[{"name":"wp","href":"https:\/\/api.w.org\/{rel}","templated":true}]}}