

{"id":6150,"date":"2023-09-27T14:20:33","date_gmt":"2023-09-27T12:20:33","guid":{"rendered":"https:\/\/lamilagrosapolanco.com\/?p=6150"},"modified":"2023-09-27T14:20:46","modified_gmt":"2023-09-27T12:20:46","slug":"celebracion-san-vicente-de-paul-2023","status":"publish","type":"post","link":"https:\/\/lamilagrosapolanco.com\/?p=6150","title":{"rendered":"Celebraci\u00f3n San Vicente de Pa\u00fal 2023"},"content":{"rendered":"<p>[et_pb_section fb_built=\u00bb1&#8243; admin_label=\u00bbsection\u00bb _builder_version=\u00bb4.16&#8243; global_colors_info=\u00bb{}\u00bb][et_pb_row admin_label=\u00bbrow\u00bb _builder_version=\u00bb4.16&#8243; background_size=\u00bbinitial\u00bb background_position=\u00bbtop_left\u00bb background_repeat=\u00bbrepeat\u00bb global_colors_info=\u00bb{}\u00bb][et_pb_column type=\u00bb4_4&#8243; _builder_version=\u00bb4.16&#8243; custom_padding=\u00bb|||\u00bb global_colors_info=\u00bb{}\u00bb custom_padding__hover=\u00bb|||\u00bb][et_pb_image src=\u00bbhttps:\/\/lamilagrosapolanco.com\/wp-content\/uploads\/2023\/09\/Encabezado-Jornadas-2-1.png\u00bb title_text=\u00bbEncabezado-Jornadas 2 (1)\u00bb admin_label=\u00bbImagen\u00bb _builder_version=\u00bb4.20.2&#8243; _module_preset=\u00bbdefault\u00bb global_colors_info=\u00bb{}\u00bb][\/et_pb_image][et_pb_text _builder_version=\u00bb4.20.2&#8243; _module_preset=\u00bbdefault\u00bb global_colors_info=\u00bb{}\u00bb]Hoy, 27 de septiembre, se conmemora en nuestro colegio el d\u00eda de uno de nuestros fundadores, San Vicente de Pa\u00fal. Durante el d\u00eda, hemos celebrado una eucarist\u00eda con los cursos de 3\u00ba, 4\u00ba, 5\u00ba y 6\u00ba, con la que queda inaugurado el curso 2023\/2024.<\/p>\n<p>Adem\u00e1s, nuestros chicos y chicas de infantil junto con 1\u00ba y 2\u00ba\u00a0 han cantando la canci\u00f3n \u00abVoy buscando una huella que se me perdi\u00f3\u00bb y han pegado sus huellas en un mural.<\/p>\n<p>\u00a1Feliz D\u00eda de San Vicente!<br \/>\n[\/et_pb_text][et_pb_gallery gallery_ids=\u00bb6205,6207,6208,6209,6210,6234,6235,6236,6148,6149&#8243; show_title_and_caption=\u00bboff\u00bb show_pagination=\u00bboff\u00bb _builder_version=\u00bb4.20.2&#8243; _module_preset=\u00bbdefault\u00bb global_colors_info=\u00bb{}\u00bb][\/et_pb_gallery][\/et_pb_column][\/et_pb_row][\/et_pb_section]<\/p>\n","protected":false},"excerpt":{"rendered":"<p>Hoy, 27 de septiembre, se conmemora en nuestro colegio el d\u00eda de uno de nuestros fundadores, San Vicente de Pa\u00fal. Durante el d\u00eda, hemos celebrado una eucarist\u00eda con los cursos de 3\u00ba, 4\u00ba, 5\u00ba y 6\u00ba, con la que queda inaugurado el curso 2023\/2024. Adem\u00e1s, nuestros chicos y chicas de infantil junto con 1\u00ba y [&hellip;]<\/p>\n","protected":false},"author":14,"featured_media":6148,"comment_status":"open","ping_status":"closed","sticky":false,"template":"","format":"standard","meta":{"_et_pb_use_builder":"on","_et_pb_old_content":"","_et_gb_content_width":"","footnotes":""},"categories":[1],"tags":[],"class_list":["post-6150","post","type-post","status-publish","format-standard","has-post-thumbnail","hentry","category-noticias"],"_links":{"self":[{"href":"https:\/\/lamilagrosapolanco.com\/index.php?rest_route=\/wp\/v2\/posts\/6150","targetHints":{"allow":["GET"]}}],"collection":[{"href":"https:\/\/lamilagrosapolanco.com\/index.php?rest_route=\/wp\/v2\/posts"}],"about":[{"href":"https:\/\/lamilagrosapolanco.com\/index.php?rest_route=\/wp\/v2\/types\/post"}],"author":[{"embeddable":true,"href":"https:\/\/lamilagrosapolanco.com\/index.php?rest_route=\/wp\/v2\/users\/14"}],"replies":[{"embeddable":true,"href":"https:\/\/lamilagrosapolanco.com\/index.php?rest_route=%2Fwp%2Fv2%2Fcomments&post=6150"}],"version-history":[{"count":23,"href":"https:\/\/lamilagrosapolanco.com\/index.php?rest_route=\/wp\/v2\/posts\/6150\/revisions"}],"predecessor-version":[{"id":6244,"href":"https:\/\/lamilagrosapolanco.com\/index.php?rest_route=\/wp\/v2\/posts\/6150\/revisions\/6244"}],"wp:featuredmedia":[{"embeddable":true,"href":"https:\/\/lamilagrosapolanco.com\/index.php?rest_route=\/wp\/v2\/media\/6148"}],"wp:attachment":[{"href":"https:\/\/lamilagrosapolanco.com\/index.php?rest_route=%2Fwp%2Fv2%2Fmedia&parent=6150"}],"wp:term":[{"taxonomy":"category","embeddable":true,"href":"https:\/\/lamilagrosapolanco.com\/index.php?rest_route=%2Fwp%2Fv2%2Fcategories&post=6150"},{"taxonomy":"post_tag","embeddable":true,"href":"https:\/\/lamilagrosapolanco.com\/index.php?rest_route=%2Fwp%2Fv2%2Ftags&post=6150"}],"curies":[{"name":"wp","href":"https:\/\/api.w.org\/{rel}","templated":true}]}}