

{"id":615,"date":"2015-01-28T10:43:48","date_gmt":"2015-01-28T09:43:48","guid":{"rendered":"http:\/\/lamilagrosapolanco.com\/?p=615"},"modified":"2015-01-28T10:47:53","modified_gmt":"2015-01-28T09:47:53","slug":"27-de-septiembre-san-vicente-de-paul","status":"publish","type":"post","link":"https:\/\/lamilagrosapolanco.com\/?p=615","title":{"rendered":"27 de Septiembre &#8211; SAN VICENTE DE PAUL"},"content":{"rendered":"<p>El pasado 26 de septiembre, nuestro Centro Educativo celebr\u00f3\u00a0la festividad\u00a0de<strong> San Vicente de Pa\u00fal<\/strong>. En 1633, junto con Luisa de Marillac , fund\u00f3 la Compa\u00f1\u00eda de las Hijas de la Caridad. Fue beatificado el 13 de agosto de 1729, y canonizado el 16 de junio de 1737. Su festividad se celebra el 27 de septiembre.<\/p>\n<p><img loading=\"lazy\" decoding=\"async\" class=\"aligncenter size-gallery wp-image-616\" src=\"https:\/\/lamilagrosapolanco.com\/wp-content\/uploads\/2015\/01\/DSC08783-710x575.jpg\" alt=\"SONY DSC\" width=\"710\" height=\"575\" srcset=\"https:\/\/lamilagrosapolanco.com\/wp-content\/uploads\/2015\/01\/DSC08783-710x575.jpg 710w, https:\/\/lamilagrosapolanco.com\/wp-content\/uploads\/2015\/01\/DSC08783-495x400.jpg 495w\" sizes=\"(max-width: 710px) 100vw, 710px\" \/> <img loading=\"lazy\" decoding=\"async\" class=\"aligncenter size-gallery wp-image-617\" src=\"https:\/\/lamilagrosapolanco.com\/wp-content\/uploads\/2015\/01\/DSC08788-710x575.jpg\" alt=\"SONY DSC\" width=\"710\" height=\"575\" srcset=\"https:\/\/lamilagrosapolanco.com\/wp-content\/uploads\/2015\/01\/DSC08788-710x575.jpg 710w, https:\/\/lamilagrosapolanco.com\/wp-content\/uploads\/2015\/01\/DSC08788-495x400.jpg 495w\" sizes=\"(max-width: 710px) 100vw, 710px\" \/> <img loading=\"lazy\" decoding=\"async\" class=\"aligncenter size-gallery wp-image-618\" src=\"https:\/\/lamilagrosapolanco.com\/wp-content\/uploads\/2015\/01\/DSC08891-710x575.jpg\" alt=\"SONY DSC\" width=\"710\" height=\"575\" srcset=\"https:\/\/lamilagrosapolanco.com\/wp-content\/uploads\/2015\/01\/DSC08891-710x575.jpg 710w, https:\/\/lamilagrosapolanco.com\/wp-content\/uploads\/2015\/01\/DSC08891-495x400.jpg 495w\" sizes=\"(max-width: 710px) 100vw, 710px\" \/> <img loading=\"lazy\" decoding=\"async\" class=\"aligncenter size-gallery wp-image-619\" src=\"https:\/\/lamilagrosapolanco.com\/wp-content\/uploads\/2015\/01\/DSC08858-710x575.jpg\" alt=\"SONY DSC\" width=\"710\" height=\"575\" srcset=\"https:\/\/lamilagrosapolanco.com\/wp-content\/uploads\/2015\/01\/DSC08858-710x575.jpg 710w, https:\/\/lamilagrosapolanco.com\/wp-content\/uploads\/2015\/01\/DSC08858-495x400.jpg 495w\" sizes=\"(max-width: 710px) 100vw, 710px\" \/> <img loading=\"lazy\" decoding=\"async\" class=\"aligncenter size-gallery wp-image-620\" src=\"https:\/\/lamilagrosapolanco.com\/wp-content\/uploads\/2015\/01\/DSC08884-710x575.jpg\" alt=\"SONY DSC\" width=\"710\" height=\"575\" srcset=\"https:\/\/lamilagrosapolanco.com\/wp-content\/uploads\/2015\/01\/DSC08884-710x575.jpg 710w, https:\/\/lamilagrosapolanco.com\/wp-content\/uploads\/2015\/01\/DSC08884-495x400.jpg 495w\" sizes=\"(max-width: 710px) 100vw, 710px\" \/> <img loading=\"lazy\" decoding=\"async\" class=\"aligncenter size-gallery wp-image-621\" src=\"https:\/\/lamilagrosapolanco.com\/wp-content\/uploads\/2015\/01\/DSC08810-710x575.jpg\" alt=\"SONY DSC\" width=\"710\" height=\"575\" srcset=\"https:\/\/lamilagrosapolanco.com\/wp-content\/uploads\/2015\/01\/DSC08810-710x575.jpg 710w, https:\/\/lamilagrosapolanco.com\/wp-content\/uploads\/2015\/01\/DSC08810-495x400.jpg 495w\" sizes=\"(max-width: 710px) 100vw, 710px\" \/> <img loading=\"lazy\" decoding=\"async\" class=\"aligncenter size-gallery wp-image-622\" src=\"https:\/\/lamilagrosapolanco.com\/wp-content\/uploads\/2015\/01\/DSC08917-710x575.jpg\" alt=\"SONY DSC\" width=\"710\" height=\"575\" srcset=\"https:\/\/lamilagrosapolanco.com\/wp-content\/uploads\/2015\/01\/DSC08917-710x575.jpg 710w, https:\/\/lamilagrosapolanco.com\/wp-content\/uploads\/2015\/01\/DSC08917-495x400.jpg 495w\" sizes=\"(max-width: 710px) 100vw, 710px\" \/><\/p>\n","protected":false},"excerpt":{"rendered":"<p>El pasado 26 de septiembre, nuestro Centro Educativo celebr\u00f3\u00a0la festividad\u00a0de San Vicente de Pa\u00fal. En 1633, junto con Luisa de Marillac , fund\u00f3 la Compa\u00f1\u00eda de las Hijas de la Caridad. Fue beatificado el 13 de agosto de 1729, y canonizado el 16 de junio de 1737. Su festividad se celebra el 27 de septiembre.<\/p>\n","protected":false},"author":11,"featured_media":625,"comment_status":"open","ping_status":"closed","sticky":false,"template":"","format":"standard","meta":{"_et_pb_use_builder":"","_et_pb_old_content":"","_et_gb_content_width":"","footnotes":""},"categories":[1],"tags":[],"class_list":["post-615","post","type-post","status-publish","format-standard","has-post-thumbnail","hentry","category-noticias"],"_links":{"self":[{"href":"https:\/\/lamilagrosapolanco.com\/index.php?rest_route=\/wp\/v2\/posts\/615","targetHints":{"allow":["GET"]}}],"collection":[{"href":"https:\/\/lamilagrosapolanco.com\/index.php?rest_route=\/wp\/v2\/posts"}],"about":[{"href":"https:\/\/lamilagrosapolanco.com\/index.php?rest_route=\/wp\/v2\/types\/post"}],"author":[{"embeddable":true,"href":"https:\/\/lamilagrosapolanco.com\/index.php?rest_route=\/wp\/v2\/users\/11"}],"replies":[{"embeddable":true,"href":"https:\/\/lamilagrosapolanco.com\/index.php?rest_route=%2Fwp%2Fv2%2Fcomments&post=615"}],"version-history":[{"count":1,"href":"https:\/\/lamilagrosapolanco.com\/index.php?rest_route=\/wp\/v2\/posts\/615\/revisions"}],"predecessor-version":[{"id":623,"href":"https:\/\/lamilagrosapolanco.com\/index.php?rest_route=\/wp\/v2\/posts\/615\/revisions\/623"}],"wp:featuredmedia":[{"embeddable":true,"href":"https:\/\/lamilagrosapolanco.com\/index.php?rest_route=\/wp\/v2\/media\/625"}],"wp:attachment":[{"href":"https:\/\/lamilagrosapolanco.com\/index.php?rest_route=%2Fwp%2Fv2%2Fmedia&parent=615"}],"wp:term":[{"taxonomy":"category","embeddable":true,"href":"https:\/\/lamilagrosapolanco.com\/index.php?rest_route=%2Fwp%2Fv2%2Fcategories&post=615"},{"taxonomy":"post_tag","embeddable":true,"href":"https:\/\/lamilagrosapolanco.com\/index.php?rest_route=%2Fwp%2Fv2%2Ftags&post=615"}],"curies":[{"name":"wp","href":"https:\/\/api.w.org\/{rel}","templated":true}]}}