

{"id":6053,"date":"2023-05-03T00:25:26","date_gmt":"2023-05-02T22:25:26","guid":{"rendered":"https:\/\/lamilagrosapolanco.com\/?p=6053"},"modified":"2023-05-03T00:25:30","modified_gmt":"2023-05-02T22:25:30","slug":"%f0%9f%94%8aescolarizacion-la-milagrosa%f0%9f%94%8a","status":"publish","type":"post","link":"https:\/\/lamilagrosapolanco.com\/?p=6053","title":{"rendered":"&#x1f50a;ESCOLARIZACI\u00d3N LA MILAGROSA&#x1f50a;"},"content":{"rendered":"<p>[et_pb_section fb_built=\u00bb1&#8243; _builder_version=\u00bb4.20.2&#8243; _module_preset=\u00bbdefault\u00bb global_colors_info=\u00bb{}\u00bb][et_pb_row _builder_version=\u00bb4.20.2&#8243; _module_preset=\u00bbdefault\u00bb global_colors_info=\u00bb{}\u00bb][et_pb_column type=\u00bb4_4&#8243; _builder_version=\u00bb4.20.2&#8243; _module_preset=\u00bbdefault\u00bb global_colors_info=\u00bb{}\u00bb][et_pb_text _builder_version=\u00bb4.20.2&#8243; _module_preset=\u00bbdefault\u00bb global_colors_info=\u00bb{}\u00bb]<\/p>\n<p>\u00a1A T E N C I O N!<\/p>\n<p>Empieza el periodo de matriculaci\u00f3n para el curso 2023-2024.<\/p>\n<p>Pod\u00e9is presentar la documentaci\u00f3n en direcci\u00f3n desde hoy, d\u00eda 2 de Mayo hasta el d\u00eda 12 de Mayo a las 12.00h. Tambi\u00e9n, puede presentarse la solicitud de plaza telem\u00e1ticamente mediante la plataforma Yedra (https:\/\/yedra.educantabria.es\/MODACC\/).<\/p>\n<p>Si ten\u00e9is dudas os animamos a que conozc\u00e1is nuestro proyecto, que veng\u00e1is a ver el centro y pod\u00e1is disfrutar de nuestros exteriores. Pod\u00e9is concertar una cita en: 942 82 42 31 o en el correo: lamilagrosap@hijasdelacaridad.org<\/p>\n<p>Os recordamos que las plazas son limitadas y que una vez que se acaben no podemos admitir m\u00e1s alumnos.<\/p>\n<p>\u00a1Gracias por vuestro inter\u00e9s! Y por querer empezar a SER de la Milagrosa.<\/p>\n<p>&nbsp;<\/p>\n<p>#somostucolegio #micolegiomicasa<\/p>\n<p>[\/et_pb_text][et_pb_image src=\u00bbhttps:\/\/lamilagrosapolanco.com\/wp-content\/uploads\/2023\/05\/Escolarizacion-1.jpeg\u00bb title_text=\u00bbEscolarizaci\u00f3n (1)\u00bb _builder_version=\u00bb4.20.2&#8243; _module_preset=\u00bbdefault\u00bb global_colors_info=\u00bb{}\u00bb][\/et_pb_image][\/et_pb_column][\/et_pb_row][\/et_pb_section]<\/p>\n","protected":false},"excerpt":{"rendered":"<p>\u00a1A T E N C I O N! Empieza el periodo de matriculaci\u00f3n para el curso 2023-2024. Pod\u00e9is presentar la documentaci\u00f3n en direcci\u00f3n desde hoy, d\u00eda 2 de Mayo hasta el d\u00eda 12 de Mayo a las 12.00h. Tambi\u00e9n, puede presentarse la solicitud de plaza telem\u00e1ticamente mediante la plataforma Yedra (https:\/\/yedra.educantabria.es\/MODACC\/). Si ten\u00e9is dudas os [&hellip;]<\/p>\n","protected":false},"author":14,"featured_media":6058,"comment_status":"open","ping_status":"closed","sticky":false,"template":"","format":"standard","meta":{"_et_pb_use_builder":"on","_et_pb_old_content":"","_et_gb_content_width":"","footnotes":""},"categories":[1],"tags":[],"class_list":["post-6053","post","type-post","status-publish","format-standard","has-post-thumbnail","hentry","category-noticias"],"_links":{"self":[{"href":"https:\/\/lamilagrosapolanco.com\/index.php?rest_route=\/wp\/v2\/posts\/6053","targetHints":{"allow":["GET"]}}],"collection":[{"href":"https:\/\/lamilagrosapolanco.com\/index.php?rest_route=\/wp\/v2\/posts"}],"about":[{"href":"https:\/\/lamilagrosapolanco.com\/index.php?rest_route=\/wp\/v2\/types\/post"}],"author":[{"embeddable":true,"href":"https:\/\/lamilagrosapolanco.com\/index.php?rest_route=\/wp\/v2\/users\/14"}],"replies":[{"embeddable":true,"href":"https:\/\/lamilagrosapolanco.com\/index.php?rest_route=%2Fwp%2Fv2%2Fcomments&post=6053"}],"version-history":[{"count":7,"href":"https:\/\/lamilagrosapolanco.com\/index.php?rest_route=\/wp\/v2\/posts\/6053\/revisions"}],"predecessor-version":[{"id":6063,"href":"https:\/\/lamilagrosapolanco.com\/index.php?rest_route=\/wp\/v2\/posts\/6053\/revisions\/6063"}],"wp:featuredmedia":[{"embeddable":true,"href":"https:\/\/lamilagrosapolanco.com\/index.php?rest_route=\/wp\/v2\/media\/6058"}],"wp:attachment":[{"href":"https:\/\/lamilagrosapolanco.com\/index.php?rest_route=%2Fwp%2Fv2%2Fmedia&parent=6053"}],"wp:term":[{"taxonomy":"category","embeddable":true,"href":"https:\/\/lamilagrosapolanco.com\/index.php?rest_route=%2Fwp%2Fv2%2Fcategories&post=6053"},{"taxonomy":"post_tag","embeddable":true,"href":"https:\/\/lamilagrosapolanco.com\/index.php?rest_route=%2Fwp%2Fv2%2Ftags&post=6053"}],"curies":[{"name":"wp","href":"https:\/\/api.w.org\/{rel}","templated":true}]}}