

{"id":5985,"date":"2023-03-21T23:00:56","date_gmt":"2023-03-21T22:00:56","guid":{"rendered":"https:\/\/lamilagrosapolanco.com\/?p=5985"},"modified":"2023-03-21T23:01:00","modified_gmt":"2023-03-21T22:01:00","slug":"campeonas-de-cantabria-de-ajedrez-escolar-%e2%99%9f%ef%b8%8f","status":"publish","type":"post","link":"https:\/\/lamilagrosapolanco.com\/?p=5985","title":{"rendered":"CAMPEONAS DE CANTABRIA DE AJEDREZ ESCOLAR &#x265f;&#xfe0f;"},"content":{"rendered":"<p>[et_pb_section fb_built=\u00bb1&#8243; _builder_version=\u00bb4.14.8&#8243; _module_preset=\u00bbdefault\u00bb global_colors_info=\u00bb{}\u00bb][et_pb_row _builder_version=\u00bb4.14.8&#8243; _module_preset=\u00bbdefault\u00bb global_colors_info=\u00bb{}\u00bb][et_pb_column type=\u00bb4_4&#8243; _builder_version=\u00bb4.14.8&#8243; _module_preset=\u00bbdefault\u00bb global_colors_info=\u00bb{}\u00bb][et_pb_text _builder_version=\u00bb4.14.8&#8243; _module_preset=\u00bbdefault\u00bb global_colors_info=\u00bb{}\u00bb]<\/p>\n<p style=\"text-align: left;\">El equipo compuesto por las alumnas de 5\u00b0 de primaria, Irene, Valeria M. y Anjana se han proclamado campeonas de Cantabria por equipos en la categor\u00eda alev\u00edn femenino representando a nuestro colegio, La Milagrosa de Polanco.<br \/>Adem\u00e1s, Irene Rodr\u00edguez qued\u00f3 tercera de Cantabria de su categor\u00eda a nivel individual.<br \/>\u00a1Enhorabuena a las campeonas y a todos los alumnos que participaron en el campeonato!<\/p>\n<p>[\/et_pb_text][et_pb_gallery gallery_ids=\u00bb5990,5991,5992,5993,5994,5995,5996,5997,5998,5999,6000,6001,6002,6003,6004,6005&#8243; show_title_and_caption=\u00bboff\u00bb show_pagination=\u00bboff\u00bb _builder_version=\u00bb4.14.8&#8243; _module_preset=\u00bbdefault\u00bb global_colors_info=\u00bb{}\u00bb][\/et_pb_gallery][\/et_pb_column][\/et_pb_row][\/et_pb_section]<\/p>\n","protected":false},"excerpt":{"rendered":"<p>El equipo compuesto por las alumnas de 5\u00b0 de primaria, Irene, Valeria M. y Anjana se han proclamado campeonas de Cantabria por equipos en la categor\u00eda alev\u00edn femenino representando a nuestro colegio, La Milagrosa de Polanco.Adem\u00e1s, Irene Rodr\u00edguez qued\u00f3 tercera de Cantabria de su categor\u00eda a nivel individual.\u00a1Enhorabuena a las campeonas y a todos los [&hellip;]<\/p>\n","protected":false},"author":14,"featured_media":5990,"comment_status":"open","ping_status":"closed","sticky":false,"template":"","format":"standard","meta":{"_et_pb_use_builder":"on","_et_pb_old_content":"","_et_gb_content_width":"","footnotes":""},"categories":[1],"tags":[],"class_list":["post-5985","post","type-post","status-publish","format-standard","has-post-thumbnail","hentry","category-noticias"],"_links":{"self":[{"href":"https:\/\/lamilagrosapolanco.com\/index.php?rest_route=\/wp\/v2\/posts\/5985","targetHints":{"allow":["GET"]}}],"collection":[{"href":"https:\/\/lamilagrosapolanco.com\/index.php?rest_route=\/wp\/v2\/posts"}],"about":[{"href":"https:\/\/lamilagrosapolanco.com\/index.php?rest_route=\/wp\/v2\/types\/post"}],"author":[{"embeddable":true,"href":"https:\/\/lamilagrosapolanco.com\/index.php?rest_route=\/wp\/v2\/users\/14"}],"replies":[{"embeddable":true,"href":"https:\/\/lamilagrosapolanco.com\/index.php?rest_route=%2Fwp%2Fv2%2Fcomments&post=5985"}],"version-history":[{"count":6,"href":"https:\/\/lamilagrosapolanco.com\/index.php?rest_route=\/wp\/v2\/posts\/5985\/revisions"}],"predecessor-version":[{"id":6008,"href":"https:\/\/lamilagrosapolanco.com\/index.php?rest_route=\/wp\/v2\/posts\/5985\/revisions\/6008"}],"wp:featuredmedia":[{"embeddable":true,"href":"https:\/\/lamilagrosapolanco.com\/index.php?rest_route=\/wp\/v2\/media\/5990"}],"wp:attachment":[{"href":"https:\/\/lamilagrosapolanco.com\/index.php?rest_route=%2Fwp%2Fv2%2Fmedia&parent=5985"}],"wp:term":[{"taxonomy":"category","embeddable":true,"href":"https:\/\/lamilagrosapolanco.com\/index.php?rest_route=%2Fwp%2Fv2%2Fcategories&post=5985"},{"taxonomy":"post_tag","embeddable":true,"href":"https:\/\/lamilagrosapolanco.com\/index.php?rest_route=%2Fwp%2Fv2%2Ftags&post=5985"}],"curies":[{"name":"wp","href":"https:\/\/api.w.org\/{rel}","templated":true}]}}