

{"id":5952,"date":"2023-03-07T16:50:26","date_gmt":"2023-03-07T15:50:26","guid":{"rendered":"https:\/\/lamilagrosapolanco.com\/?p=5952"},"modified":"2023-03-09T18:21:46","modified_gmt":"2023-03-09T17:21:46","slug":"carnaval-2023","status":"publish","type":"post","link":"https:\/\/lamilagrosapolanco.com\/?p=5952","title":{"rendered":"CARNAVAL 2023"},"content":{"rendered":"<p>[et_pb_section fb_built=\u00bb1&#8243; _builder_version=\u00bb4.14.8&#8243; _module_preset=\u00bbdefault\u00bb global_colors_info=\u00bb{}\u00bb][et_pb_row _builder_version=\u00bb4.14.8&#8243; _module_preset=\u00bbdefault\u00bb global_colors_info=\u00bb{}\u00bb][et_pb_column type=\u00bb4_4&#8243; _builder_version=\u00bb4.14.8&#8243; _module_preset=\u00bbdefault\u00bb global_colors_info=\u00bb{}\u00bb][et_pb_text _builder_version=\u00bb4.14.8&#8243; _module_preset=\u00bbdefault\u00bb global_colors_info=\u00bb{}\u00bb]<\/p>\n<p>El pasado 17 de febrero fue un d\u00eda muy especial en nuestro calendario. \u00a1\u00a1\u00a1Celebramos el CARNAVAL!!! Adem\u00e1s, este a\u00f1o con la tem\u00e1tica de la paz, que ha sido y es nuestro eje central desde el inicio de curso, hemos realizado durante el d\u00eda diversos talleres para crear nuestro disfraz de \u00abhippies\u00bb. Nos customizamos una camiseta reciclada con el s\u00edmbolo de la paz pintado, unas gafas con limpiapipas, accesorios de pulseras y collar con rollos de papel y CDs antiguos, adem\u00e1s de un bocadillo de c\u00f3mic con nuestro mensaje de paz. \u00a1\u00a1\u00a1 Todo ello con materiales reciclados!!!<\/p>\n<p>En el colegio La Milagrosa de Polanco trabajamos valores, colaboramos con los objetivos de desarrollo sostenible de la Agenda 2030 y encima&#8230; \u00a1\u00a1nos lo pasamos pipa!!<\/p>\n<p>&nbsp;<\/p>\n<p>[\/et_pb_text][et_pb_gallery gallery_ids=\u00bb5961&#8243; show_title_and_caption=\u00bboff\u00bb _builder_version=\u00bb4.14.8&#8243; _module_preset=\u00bbdefault\u00bb hover_enabled=\u00bb0&#8243; global_colors_info=\u00bb{}\u00bb sticky_enabled=\u00bb0&#8243;][\/et_pb_gallery][\/et_pb_column][\/et_pb_row][\/et_pb_section]<\/p>\n","protected":false},"excerpt":{"rendered":"<p>El pasado 17 de febrero fue un d\u00eda muy especial en nuestro calendario. \u00a1\u00a1\u00a1Celebramos el CARNAVAL!!! Adem\u00e1s, este a\u00f1o con la tem\u00e1tica de la paz, que ha sido y es nuestro eje central desde el inicio de curso, hemos realizado durante el d\u00eda diversos talleres para crear nuestro disfraz de \u00abhippies\u00bb. Nos customizamos una camiseta [&hellip;]<\/p>\n","protected":false},"author":14,"featured_media":5961,"comment_status":"open","ping_status":"closed","sticky":false,"template":"","format":"standard","meta":{"_et_pb_use_builder":"on","_et_pb_old_content":"","_et_gb_content_width":"","footnotes":""},"categories":[1],"tags":[],"class_list":["post-5952","post","type-post","status-publish","format-standard","has-post-thumbnail","hentry","category-noticias"],"_links":{"self":[{"href":"https:\/\/lamilagrosapolanco.com\/index.php?rest_route=\/wp\/v2\/posts\/5952","targetHints":{"allow":["GET"]}}],"collection":[{"href":"https:\/\/lamilagrosapolanco.com\/index.php?rest_route=\/wp\/v2\/posts"}],"about":[{"href":"https:\/\/lamilagrosapolanco.com\/index.php?rest_route=\/wp\/v2\/types\/post"}],"author":[{"embeddable":true,"href":"https:\/\/lamilagrosapolanco.com\/index.php?rest_route=\/wp\/v2\/users\/14"}],"replies":[{"embeddable":true,"href":"https:\/\/lamilagrosapolanco.com\/index.php?rest_route=%2Fwp%2Fv2%2Fcomments&post=5952"}],"version-history":[{"count":11,"href":"https:\/\/lamilagrosapolanco.com\/index.php?rest_route=\/wp\/v2\/posts\/5952\/revisions"}],"predecessor-version":[{"id":5969,"href":"https:\/\/lamilagrosapolanco.com\/index.php?rest_route=\/wp\/v2\/posts\/5952\/revisions\/5969"}],"wp:featuredmedia":[{"embeddable":true,"href":"https:\/\/lamilagrosapolanco.com\/index.php?rest_route=\/wp\/v2\/media\/5961"}],"wp:attachment":[{"href":"https:\/\/lamilagrosapolanco.com\/index.php?rest_route=%2Fwp%2Fv2%2Fmedia&parent=5952"}],"wp:term":[{"taxonomy":"category","embeddable":true,"href":"https:\/\/lamilagrosapolanco.com\/index.php?rest_route=%2Fwp%2Fv2%2Fcategories&post=5952"},{"taxonomy":"post_tag","embeddable":true,"href":"https:\/\/lamilagrosapolanco.com\/index.php?rest_route=%2Fwp%2Fv2%2Ftags&post=5952"}],"curies":[{"name":"wp","href":"https:\/\/api.w.org\/{rel}","templated":true}]}}