

{"id":5936,"date":"2023-01-31T00:08:14","date_gmt":"2023-01-30T23:08:14","guid":{"rendered":"https:\/\/lamilagrosapolanco.com\/?p=5936"},"modified":"2023-01-31T00:08:19","modified_gmt":"2023-01-30T23:08:19","slug":"dia-internacional-de-la-no-violencia-y-la-paz-%e2%98%ae%ef%b8%8f","status":"publish","type":"post","link":"https:\/\/lamilagrosapolanco.com\/?p=5936","title":{"rendered":"D\u00eda Internacional de la No Violencia y la Paz &#x262e;&#xfe0f;"},"content":{"rendered":"<p>[et_pb_section fb_built=\u00bb1&#8243; _builder_version=\u00bb4.14.8&#8243; _module_preset=\u00bbdefault\u00bb global_colors_info=\u00bb{}\u00bb][et_pb_row _builder_version=\u00bb4.14.8&#8243; _module_preset=\u00bbdefault\u00bb global_colors_info=\u00bb{}\u00bb][et_pb_column type=\u00bb4_4&#8243; _builder_version=\u00bb4.14.8&#8243; _module_preset=\u00bbdefault\u00bb global_colors_info=\u00bb{}\u00bb][et_pb_text _builder_version=\u00bb4.14.8&#8243; _module_preset=\u00bbdefault\u00bb global_colors_info=\u00bb{}\u00bb]<\/p>\n<p>\u00bfQu\u00e9 hacemos en el colegio para que esta causa sea nuestra?<\/p>\n<p>-Educamos para valorar las diferencias.<\/p>\n<p>-Educamos en el respeto, tanto a nosotros mismos como a los dem\u00e1s.<\/p>\n<p>-Educamos para que los ni\u00f1os aprendan a brillar y que hagan brillar a los dem\u00e1s.<\/p>\n<p>Seamos luz en un mundo de oscuridad. \u00a1Juntos brillamos m\u00e1s fuerte!<span class=\"fe5nidar khvhiq1o r5qsrrlp i5tg98hk f9ovudaz przvwfww gx1rr48f gfz4du6o r7fjleex nz2484kf svot0ezm dcnh1tix sxl192xd t3g6t33p\"><span class=\"mpj7bzys xzlurrtv\">&#x2728;<\/span><\/span><\/p>\n<p>Ayer en la Plaza de la Paz del Ayuntamiento de Polanco, junto con algunos integrantes de la corporaci\u00f3n, familias y vecinos del pueblo, hemos cantado, bailado y mandado al cielo palomas, para que nuestro mensaje de Paz llegue a todo el mundo.<\/p>\n<p>En el Colegio La Milagrosa de Polanco \u00a1\u00a1\u00a1CONSTRUIMOS SUE\u00d1OS DE PAZ!!!<\/p>\n<p>[\/et_pb_text][et_pb_gallery gallery_ids=\u00bb5939,5940,5941,5942&#8243; show_title_and_caption=\u00bboff\u00bb _builder_version=\u00bb4.14.8&#8243; _module_preset=\u00bbdefault\u00bb global_colors_info=\u00bb{}\u00bb][\/et_pb_gallery][\/et_pb_column][\/et_pb_row][\/et_pb_section]<\/p>\n","protected":false},"excerpt":{"rendered":"<p>\u00bfQu\u00e9 hacemos en el colegio para que esta causa sea nuestra? -Educamos para valorar las diferencias. -Educamos en el respeto, tanto a nosotros mismos como a los dem\u00e1s. -Educamos para que los ni\u00f1os aprendan a brillar y que hagan brillar a los dem\u00e1s. Seamos luz en un mundo de oscuridad. \u00a1Juntos brillamos m\u00e1s fuerte!&#x2728; Ayer [&hellip;]<\/p>\n","protected":false},"author":14,"featured_media":5939,"comment_status":"open","ping_status":"closed","sticky":false,"template":"","format":"standard","meta":{"_et_pb_use_builder":"on","_et_pb_old_content":"","_et_gb_content_width":"","footnotes":""},"categories":[1],"tags":[],"class_list":["post-5936","post","type-post","status-publish","format-standard","has-post-thumbnail","hentry","category-noticias"],"_links":{"self":[{"href":"https:\/\/lamilagrosapolanco.com\/index.php?rest_route=\/wp\/v2\/posts\/5936","targetHints":{"allow":["GET"]}}],"collection":[{"href":"https:\/\/lamilagrosapolanco.com\/index.php?rest_route=\/wp\/v2\/posts"}],"about":[{"href":"https:\/\/lamilagrosapolanco.com\/index.php?rest_route=\/wp\/v2\/types\/post"}],"author":[{"embeddable":true,"href":"https:\/\/lamilagrosapolanco.com\/index.php?rest_route=\/wp\/v2\/users\/14"}],"replies":[{"embeddable":true,"href":"https:\/\/lamilagrosapolanco.com\/index.php?rest_route=%2Fwp%2Fv2%2Fcomments&post=5936"}],"version-history":[{"count":9,"href":"https:\/\/lamilagrosapolanco.com\/index.php?rest_route=\/wp\/v2\/posts\/5936\/revisions"}],"predecessor-version":[{"id":5950,"href":"https:\/\/lamilagrosapolanco.com\/index.php?rest_route=\/wp\/v2\/posts\/5936\/revisions\/5950"}],"wp:featuredmedia":[{"embeddable":true,"href":"https:\/\/lamilagrosapolanco.com\/index.php?rest_route=\/wp\/v2\/media\/5939"}],"wp:attachment":[{"href":"https:\/\/lamilagrosapolanco.com\/index.php?rest_route=%2Fwp%2Fv2%2Fmedia&parent=5936"}],"wp:term":[{"taxonomy":"category","embeddable":true,"href":"https:\/\/lamilagrosapolanco.com\/index.php?rest_route=%2Fwp%2Fv2%2Fcategories&post=5936"},{"taxonomy":"post_tag","embeddable":true,"href":"https:\/\/lamilagrosapolanco.com\/index.php?rest_route=%2Fwp%2Fv2%2Ftags&post=5936"}],"curies":[{"name":"wp","href":"https:\/\/api.w.org\/{rel}","templated":true}]}}