

{"id":5833,"date":"2022-11-25T12:28:52","date_gmt":"2022-11-25T11:28:52","guid":{"rendered":"https:\/\/lamilagrosapolanco.com\/?p=5833"},"modified":"2023-11-28T15:02:30","modified_gmt":"2023-11-28T14:02:30","slug":"celebracion-de-la-fiesta-de-la-medalla-milagrosa-2022","status":"publish","type":"post","link":"https:\/\/lamilagrosapolanco.com\/?p=5833","title":{"rendered":"Celebraci\u00f3n de la Fiesta de la Medalla Milagrosa 2022"},"content":{"rendered":"<p>[et_pb_section fb_built=\u00bb1&#8243; _builder_version=\u00bb4.16&#8243; _module_preset=\u00bbdefault\u00bb global_colors_info=\u00bb{}\u00bb][et_pb_row _builder_version=\u00bb4.16&#8243; _module_preset=\u00bbdefault\u00bb global_colors_info=\u00bb{}\u00bb][et_pb_column type=\u00bb4_4&#8243; _builder_version=\u00bb4.16&#8243; _module_preset=\u00bbdefault\u00bb global_colors_info=\u00bb{}\u00bb][et_pb_text _builder_version=\u00bb4.20.2&#8243; _module_preset=\u00bbdefault\u00bb hover_enabled=\u00bb0&#8243; global_colors_info=\u00bb{}\u00bb sticky_enabled=\u00bb0&#8243;]<\/p>\n<p>Hoy, hemos conmemorado la celebraci\u00f3n de la Patrona de nuestro colegio, \u201cNuestra Se\u00f1ora de la Medalla Milagrosa\u201d cuya festividad tendr\u00e1 lugar este domingo 27 de noviembre. Como es tradici\u00f3n, nos hemos puesto la medalla Milagrosa para que nos proteja y nos gu\u00ede en nuestros caminos.<\/p>\n<p>Para nosotros, siempre se vive como un d\u00eda de gozo y alegr\u00eda. Adem\u00e1s, este a\u00f1o la celebraci\u00f3n ha sido de lo m\u00e1s din\u00e1mica, en la que han participado nuestros alumnos\/as de 1\u00ba y 2\u00ba de Primaria, entonando canciones y dedic\u00e1ndonos unas palabras, para que nos preparemos ante la llegada del Adviento.<\/p>\n<p>Por otro lado, los chicos y chicas de 5\u00ba de Primaria han escenificado las apariciones de la Virgen Mar\u00eda a Santa Catalina Labour\u00e9.<\/p>\n<p>Aqu\u00ed os dejamos una peque\u00f1a muestra en fotos y v\u00eddeo de este d\u00eda.<\/p>\n<p><em>\u201cMar\u00eda, con su medalla, nos invita a dar a Jesucristo a los dem\u00e1s\u201d<\/em><\/p>\n<p>[\/et_pb_text][et_pb_gallery gallery_ids=\u00bb5836,5848,5863,5849,5850,5837&#8243; show_title_and_caption=\u00bboff\u00bb _builder_version=\u00bb4.16&#8243; _module_preset=\u00bbdefault\u00bb global_colors_info=\u00bb{}\u00bb][\/et_pb_gallery][\/et_pb_column][\/et_pb_row][\/et_pb_section]<\/p>\n","protected":false},"excerpt":{"rendered":"<p>Hoy, hemos conmemorado la celebraci\u00f3n de la Patrona de nuestro colegio, \u201cNuestra Se\u00f1ora de la Medalla Milagrosa\u201d cuya festividad tendr\u00e1 lugar este domingo 27 de noviembre. Como es tradici\u00f3n, nos hemos puesto la medalla Milagrosa para que nos proteja y nos gu\u00ede en nuestros caminos. Para nosotros, siempre se vive como un d\u00eda de gozo [&hellip;]<\/p>\n","protected":false},"author":14,"featured_media":5836,"comment_status":"open","ping_status":"closed","sticky":false,"template":"","format":"standard","meta":{"_et_pb_use_builder":"on","_et_pb_old_content":"","_et_gb_content_width":"","footnotes":""},"categories":[1],"tags":[],"class_list":["post-5833","post","type-post","status-publish","format-standard","has-post-thumbnail","hentry","category-noticias"],"_links":{"self":[{"href":"https:\/\/lamilagrosapolanco.com\/index.php?rest_route=\/wp\/v2\/posts\/5833","targetHints":{"allow":["GET"]}}],"collection":[{"href":"https:\/\/lamilagrosapolanco.com\/index.php?rest_route=\/wp\/v2\/posts"}],"about":[{"href":"https:\/\/lamilagrosapolanco.com\/index.php?rest_route=\/wp\/v2\/types\/post"}],"author":[{"embeddable":true,"href":"https:\/\/lamilagrosapolanco.com\/index.php?rest_route=\/wp\/v2\/users\/14"}],"replies":[{"embeddable":true,"href":"https:\/\/lamilagrosapolanco.com\/index.php?rest_route=%2Fwp%2Fv2%2Fcomments&post=5833"}],"version-history":[{"count":13,"href":"https:\/\/lamilagrosapolanco.com\/index.php?rest_route=\/wp\/v2\/posts\/5833\/revisions"}],"predecessor-version":[{"id":6428,"href":"https:\/\/lamilagrosapolanco.com\/index.php?rest_route=\/wp\/v2\/posts\/5833\/revisions\/6428"}],"wp:featuredmedia":[{"embeddable":true,"href":"https:\/\/lamilagrosapolanco.com\/index.php?rest_route=\/wp\/v2\/media\/5836"}],"wp:attachment":[{"href":"https:\/\/lamilagrosapolanco.com\/index.php?rest_route=%2Fwp%2Fv2%2Fmedia&parent=5833"}],"wp:term":[{"taxonomy":"category","embeddable":true,"href":"https:\/\/lamilagrosapolanco.com\/index.php?rest_route=%2Fwp%2Fv2%2Fcategories&post=5833"},{"taxonomy":"post_tag","embeddable":true,"href":"https:\/\/lamilagrosapolanco.com\/index.php?rest_route=%2Fwp%2Fv2%2Ftags&post=5833"}],"curies":[{"name":"wp","href":"https:\/\/api.w.org\/{rel}","templated":true}]}}