

{"id":5818,"date":"2022-11-24T13:53:41","date_gmt":"2022-11-24T12:53:41","guid":{"rendered":"https:\/\/lamilagrosapolanco.com\/?p=5818"},"modified":"2022-11-24T13:53:45","modified_gmt":"2022-11-24T12:53:45","slug":"calendario-solidario-amat-2023%f0%9f%8e%89","status":"publish","type":"post","link":"https:\/\/lamilagrosapolanco.com\/?p=5818","title":{"rendered":"Calendario Solidario AMAT 2023&#x1f389;"},"content":{"rendered":"<p>[et_pb_section fb_built=\u00bb1&#8243; _builder_version=\u00bb4.14.8&#8243; _module_preset=\u00bbdefault\u00bb global_colors_info=\u00bb{}\u00bb][et_pb_row _builder_version=\u00bb4.14.8&#8243; _module_preset=\u00bbdefault\u00bb global_colors_info=\u00bb{}\u00bb][et_pb_column type=\u00bb4_4&#8243; _builder_version=\u00bb4.14.8&#8243; _module_preset=\u00bbdefault\u00bb global_colors_info=\u00bb{}\u00bb][et_pb_text _builder_version=\u00bb4.14.8&#8243; _module_preset=\u00bbdefault\u00bb global_colors_info=\u00bb{}\u00bb]<\/p>\n<p>Como cada a\u00f1o,\u00a0 AMAT ha celebrado su concurso de dibujos para la elaboraci\u00f3n de su calendario. El objetivo que persigue es realizar una acci\u00f3n preventiva, adem\u00e1s de la recaudaci\u00f3n de fondos con su venta, para programas de prevenci\u00f3n de dicha asociaci\u00f3n.<\/p>\n<p>Este a\u00f1o la tem\u00e1tica eran \u201cLas emociones\u201d y han participado ni\u00f1os\/as de 15 centros educativos de la regi\u00f3n, aunque nosotros hemos de hacer menci\u00f3n especial a\u2026<\/p>\n<p>Nuestra alumna de 3\u00b0 de Ed.Primaria JUDITH ORTIZ. \u00a1Much\u00edsimas felicidades!<\/p>\n<p>Por segundo a\u00f1o consecutivo ha conseguido que su dibujo sea publicado en dicho calendario. Su dibujo aparecer\u00e1 en el mes de DICIEMBRE.<\/p>\n<p>&nbsp;<\/p>\n<p>\u00a1ENHORABUENA!<\/p>\n<p>[\/et_pb_text][et_pb_gallery gallery_ids=\u00bb5825,5823,5821,5822,5824&#8243; show_title_and_caption=\u00bboff\u00bb _builder_version=\u00bb4.14.8&#8243; _module_preset=\u00bbdefault\u00bb global_colors_info=\u00bb{}\u00bb][\/et_pb_gallery][\/et_pb_column][\/et_pb_row][\/et_pb_section]<\/p>\n","protected":false},"excerpt":{"rendered":"<p>Como cada a\u00f1o,\u00a0 AMAT ha celebrado su concurso de dibujos para la elaboraci\u00f3n de su calendario. El objetivo que persigue es realizar una acci\u00f3n preventiva, adem\u00e1s de la recaudaci\u00f3n de fondos con su venta, para programas de prevenci\u00f3n de dicha asociaci\u00f3n. Este a\u00f1o la tem\u00e1tica eran \u201cLas emociones\u201d y han participado ni\u00f1os\/as de 15 centros [&hellip;]<\/p>\n","protected":false},"author":14,"featured_media":5823,"comment_status":"open","ping_status":"closed","sticky":false,"template":"","format":"standard","meta":{"_et_pb_use_builder":"on","_et_pb_old_content":"","_et_gb_content_width":"","footnotes":""},"categories":[1],"tags":[],"class_list":["post-5818","post","type-post","status-publish","format-standard","has-post-thumbnail","hentry","category-noticias"],"_links":{"self":[{"href":"https:\/\/lamilagrosapolanco.com\/index.php?rest_route=\/wp\/v2\/posts\/5818","targetHints":{"allow":["GET"]}}],"collection":[{"href":"https:\/\/lamilagrosapolanco.com\/index.php?rest_route=\/wp\/v2\/posts"}],"about":[{"href":"https:\/\/lamilagrosapolanco.com\/index.php?rest_route=\/wp\/v2\/types\/post"}],"author":[{"embeddable":true,"href":"https:\/\/lamilagrosapolanco.com\/index.php?rest_route=\/wp\/v2\/users\/14"}],"replies":[{"embeddable":true,"href":"https:\/\/lamilagrosapolanco.com\/index.php?rest_route=%2Fwp%2Fv2%2Fcomments&post=5818"}],"version-history":[{"count":8,"href":"https:\/\/lamilagrosapolanco.com\/index.php?rest_route=\/wp\/v2\/posts\/5818\/revisions"}],"predecessor-version":[{"id":5832,"href":"https:\/\/lamilagrosapolanco.com\/index.php?rest_route=\/wp\/v2\/posts\/5818\/revisions\/5832"}],"wp:featuredmedia":[{"embeddable":true,"href":"https:\/\/lamilagrosapolanco.com\/index.php?rest_route=\/wp\/v2\/media\/5823"}],"wp:attachment":[{"href":"https:\/\/lamilagrosapolanco.com\/index.php?rest_route=%2Fwp%2Fv2%2Fmedia&parent=5818"}],"wp:term":[{"taxonomy":"category","embeddable":true,"href":"https:\/\/lamilagrosapolanco.com\/index.php?rest_route=%2Fwp%2Fv2%2Fcategories&post=5818"},{"taxonomy":"post_tag","embeddable":true,"href":"https:\/\/lamilagrosapolanco.com\/index.php?rest_route=%2Fwp%2Fv2%2Ftags&post=5818"}],"curies":[{"name":"wp","href":"https:\/\/api.w.org\/{rel}","templated":true}]}}