

{"id":5650,"date":"2022-03-29T12:00:35","date_gmt":"2022-03-29T10:00:35","guid":{"rendered":"https:\/\/lamilagrosapolanco.com\/?p=5650"},"modified":"2022-03-29T12:05:25","modified_gmt":"2022-03-29T10:05:25","slug":"dia-meteorologico-mundial-%f0%9f%8c%8d","status":"publish","type":"post","link":"https:\/\/lamilagrosapolanco.com\/?p=5650","title":{"rendered":"D\u00cdA METEOROL\u00d3GICO MUNDIAL &#x1f30d;"},"content":{"rendered":"<p>[et_pb_section fb_built=\u00bb1&#8243; _builder_version=\u00bb4.14.8&#8243; background_enable_image=\u00bboff\u00bb global_colors_info=\u00bb{}\u00bb][et_pb_row _builder_version=\u00bb4.14.8&#8243; background_enable_image=\u00bboff\u00bb background_size=\u00bbinitial\u00bb background_position=\u00bbtop_left\u00bb background_repeat=\u00bbrepeat\u00bb global_colors_info=\u00bb{}\u00bb][et_pb_column type=\u00bb4_4&#8243; _builder_version=\u00bb3.25&#8243; custom_padding=\u00bb|||\u00bb global_colors_info=\u00bb{}\u00bb custom_padding__hover=\u00bb|||\u00bb][et_pb_text _builder_version=\u00bb4.14.8&#8243; background_size=\u00bbinitial\u00bb background_position=\u00bbtop_left\u00bb background_repeat=\u00bbrepeat\u00bb global_colors_info=\u00bb{}\u00bb]<\/p>\n<p>En el d\u00eda meteorol\u00f3gico mundial (23-03), en la Sede de la Delegacion de AEMET en Cantrabia, se hace entrega a C. F. J., del tercer premio del VI concurso fotogr\u00e1fico \u00abLos bosques y el clima\u00bb, en colaboraci\u00f3n con la Consejer\u00eda de Educaci\u00f3n y Formaci\u00f3n Profesional del Gobierno de Cantabria.<\/p>\n<p><strong>\u00a1Enohorabuena!<\/strong><\/p>\n<p><img loading=\"lazy\" decoding=\"async\" class=\"aligncenter wp-image-5651 \" src=\"https:\/\/lamilagrosapolanco.com\/wp-content\/uploads\/2022\/03\/WhatsApp-Image-2022-03-25-at-9.31.48-AM-300x292.jpeg\" alt=\"\" width=\"366\" height=\"356\" \/><\/p>\n<p>&nbsp;<\/p>\n<p>[\/et_pb_text][\/et_pb_column][\/et_pb_row][\/et_pb_section]<\/p>\n","protected":false},"excerpt":{"rendered":"<p>En el d\u00eda meteorol\u00f3gico mundial (23-03), en la Sede de la Delegacion de AEMET en Cantrabia, se hace entrega a C. F. J., del tercer premio del VI concurso fotogr\u00e1fico \u00abLos bosques y el clima\u00bb, en colaboraci\u00f3n con la Consejer\u00eda de Educaci\u00f3n y Formaci\u00f3n Profesional del Gobierno de Cantabria. \u00a1Enohorabuena! &nbsp;<\/p>\n","protected":false},"author":11,"featured_media":5651,"comment_status":"open","ping_status":"closed","sticky":false,"template":"","format":"standard","meta":{"_et_pb_use_builder":"on","_et_pb_old_content":"<p>En el d\u00eda meteorol\u00f3gico mundial (23-03), en la Sede de la Delegacion de AEMET en Cantrabia, se hace entrega a C. F. J., del tercer premio del VI concurso fotogr\u00e1fico \"Los bosques y el clima\", en colaboraci\u00f3n con la Consejer\u00eda de Educaci\u00f3n y Formaci\u00f3n Profesional del Gobierno de Cantabria.<\/p><p><strong>\u00a1Enohorabuena!<\/strong><\/p><p><img class=\"aligncenter wp-image-5651 \" src=\"https:\/\/lamilagrosapolanco.com\/wp-content\/uploads\/2022\/03\/WhatsApp-Image-2022-03-25-at-9.31.48-AM-300x292.jpeg\" alt=\"\" width=\"366\" height=\"356\" \/><\/p><p>\u00a0<\/p>","_et_gb_content_width":"","footnotes":""},"categories":[1],"tags":[],"class_list":["post-5650","post","type-post","status-publish","format-standard","has-post-thumbnail","hentry","category-noticias"],"_links":{"self":[{"href":"https:\/\/lamilagrosapolanco.com\/index.php?rest_route=\/wp\/v2\/posts\/5650","targetHints":{"allow":["GET"]}}],"collection":[{"href":"https:\/\/lamilagrosapolanco.com\/index.php?rest_route=\/wp\/v2\/posts"}],"about":[{"href":"https:\/\/lamilagrosapolanco.com\/index.php?rest_route=\/wp\/v2\/types\/post"}],"author":[{"embeddable":true,"href":"https:\/\/lamilagrosapolanco.com\/index.php?rest_route=\/wp\/v2\/users\/11"}],"replies":[{"embeddable":true,"href":"https:\/\/lamilagrosapolanco.com\/index.php?rest_route=%2Fwp%2Fv2%2Fcomments&post=5650"}],"version-history":[{"count":4,"href":"https:\/\/lamilagrosapolanco.com\/index.php?rest_route=\/wp\/v2\/posts\/5650\/revisions"}],"predecessor-version":[{"id":5658,"href":"https:\/\/lamilagrosapolanco.com\/index.php?rest_route=\/wp\/v2\/posts\/5650\/revisions\/5658"}],"wp:featuredmedia":[{"embeddable":true,"href":"https:\/\/lamilagrosapolanco.com\/index.php?rest_route=\/wp\/v2\/media\/5651"}],"wp:attachment":[{"href":"https:\/\/lamilagrosapolanco.com\/index.php?rest_route=%2Fwp%2Fv2%2Fmedia&parent=5650"}],"wp:term":[{"taxonomy":"category","embeddable":true,"href":"https:\/\/lamilagrosapolanco.com\/index.php?rest_route=%2Fwp%2Fv2%2Fcategories&post=5650"},{"taxonomy":"post_tag","embeddable":true,"href":"https:\/\/lamilagrosapolanco.com\/index.php?rest_route=%2Fwp%2Fv2%2Ftags&post=5650"}],"curies":[{"name":"wp","href":"https:\/\/api.w.org\/{rel}","templated":true}]}}