

{"id":561,"date":"2014-07-22T10:31:19","date_gmt":"2014-07-22T08:31:19","guid":{"rendered":"http:\/\/lamilagrosapolanco.com\/?p=561"},"modified":"2014-07-22T11:19:39","modified_gmt":"2014-07-22T09:19:39","slug":"marcha-familiar-virgen-del-mar","status":"publish","type":"post","link":"https:\/\/lamilagrosapolanco.com\/?p=561","title":{"rendered":"Marcha familiar Virgen del Mar"},"content":{"rendered":"<p><img loading=\"lazy\" decoding=\"async\" class=\"alignleft  wp-image-565\" src=\"https:\/\/lamilagrosapolanco.com\/wp-content\/uploads\/2014\/07\/482771846_100x751.jpg\" alt=\"MARCHA FAMILIAR A LA VIRGEN DEL MAR\" width=\"250\" height=\"186\" \/><\/p>\n<p>&nbsp;<\/p>\n<p>&nbsp;<\/p>\n<p>&nbsp;<\/p>\n<p>&nbsp;<\/p>\n<p>&nbsp;<\/p>\n<p>&nbsp;<\/p>\n<p><a href=\"http:\/\/vimeo.com\/101080669\">Marcha familiar Virgen del Mar<\/a><\/p>\n<p>&nbsp;<\/p>\n<p>El d\u00eda 21 de Junio, salimos de Requejada en tren hasta Adarzo. Desde all\u00ed comenzamos la marcha hasta La Virgen del Mar. Disfrutamos de un \u00e1gape fraterno, de un ambiente c\u00e1lido y acogedor.\u00a0\u00a0Compartimos entusiasmo, juegos, ba\u00f1o y la Celebraci\u00f3n Mariana\u00a0en la Ermita de La Virgen del Mar, \u00a0gracias a la amabilidad de Jes\u00fas Ceballos que facilit\u00f3 el acceso a las instalaciones de la misma.<\/p>\n","protected":false},"excerpt":{"rendered":"<p>&nbsp; &nbsp; &nbsp; &nbsp; &nbsp; &nbsp; Marcha familiar Virgen del Mar &nbsp; El d\u00eda 21 de Junio, salimos de Requejada en tren hasta Adarzo. Desde all\u00ed comenzamos la marcha hasta La Virgen del Mar. Disfrutamos de un \u00e1gape fraterno, de un ambiente c\u00e1lido y acogedor.\u00a0\u00a0Compartimos entusiasmo, juegos, ba\u00f1o y la Celebraci\u00f3n Mariana\u00a0en la Ermita de [&hellip;]<\/p>\n","protected":false},"author":11,"featured_media":565,"comment_status":"open","ping_status":"closed","sticky":false,"template":"","format":"standard","meta":{"_et_pb_use_builder":"","_et_pb_old_content":"","_et_gb_content_width":"","footnotes":""},"categories":[1],"tags":[],"class_list":["post-561","post","type-post","status-publish","format-standard","has-post-thumbnail","hentry","category-noticias"],"_links":{"self":[{"href":"https:\/\/lamilagrosapolanco.com\/index.php?rest_route=\/wp\/v2\/posts\/561","targetHints":{"allow":["GET"]}}],"collection":[{"href":"https:\/\/lamilagrosapolanco.com\/index.php?rest_route=\/wp\/v2\/posts"}],"about":[{"href":"https:\/\/lamilagrosapolanco.com\/index.php?rest_route=\/wp\/v2\/types\/post"}],"author":[{"embeddable":true,"href":"https:\/\/lamilagrosapolanco.com\/index.php?rest_route=\/wp\/v2\/users\/11"}],"replies":[{"embeddable":true,"href":"https:\/\/lamilagrosapolanco.com\/index.php?rest_route=%2Fwp%2Fv2%2Fcomments&post=561"}],"version-history":[{"count":7,"href":"https:\/\/lamilagrosapolanco.com\/index.php?rest_route=\/wp\/v2\/posts\/561\/revisions"}],"predecessor-version":[{"id":571,"href":"https:\/\/lamilagrosapolanco.com\/index.php?rest_route=\/wp\/v2\/posts\/561\/revisions\/571"}],"wp:featuredmedia":[{"embeddable":true,"href":"https:\/\/lamilagrosapolanco.com\/index.php?rest_route=\/wp\/v2\/media\/565"}],"wp:attachment":[{"href":"https:\/\/lamilagrosapolanco.com\/index.php?rest_route=%2Fwp%2Fv2%2Fmedia&parent=561"}],"wp:term":[{"taxonomy":"category","embeddable":true,"href":"https:\/\/lamilagrosapolanco.com\/index.php?rest_route=%2Fwp%2Fv2%2Fcategories&post=561"},{"taxonomy":"post_tag","embeddable":true,"href":"https:\/\/lamilagrosapolanco.com\/index.php?rest_route=%2Fwp%2Fv2%2Ftags&post=561"}],"curies":[{"name":"wp","href":"https:\/\/api.w.org\/{rel}","templated":true}]}}