

{"id":552,"date":"2014-07-22T11:28:06","date_gmt":"2014-07-22T09:28:06","guid":{"rendered":"http:\/\/lamilagrosapolanco.com\/?p=552"},"modified":"2014-07-22T11:28:38","modified_gmt":"2014-07-22T09:28:38","slug":"sos-africa-reciclamos-ayudamos","status":"publish","type":"post","link":"https:\/\/lamilagrosapolanco.com\/?p=552","title":{"rendered":"SOS \u00c1FRICA. RECICLAMOS Y AYUDAMOS"},"content":{"rendered":"<p><a href=\"http:\/\/https:\/\/vimeo.com\/92812949\">SOS \u00c1FRICA. RECICLAMOS Y AYUDAMOS<\/a><\/p>\n<p>Como viene siendo habitual en el Colegio de la Milagrosa de Polanco de la ropa que vamos trayendo para reciclar a lo largo del curso, reservamos una parte determinada para la Campa\u00f1a SOS \u00c1FRICA.<br \/>\nVamos trayendo con ilusi\u00f3n la opra que ya no usamos, sabiendo que lo que a nosotros nos sobra, otros lo necesitan.<br \/>\nLos alumn@s de 6\u00ba de Educaci\u00f3n Primaria acudimos presurosos a trasladar lo re cogido y cargar el cami\u00f3n.<br \/>\nDisfrutamos enormemente cpn la experiencia. Cuando somos sensibles, miramos desde el coraz\u00f3n, descubrimos la necesidad en el \u00abotro\u00bb y entonces somos capaces de ayudar, compartir, colaborar&#8230; y esto nos llena de felicidad.<\/p>\n","protected":false},"excerpt":{"rendered":"<p>SOS \u00c1FRICA. RECICLAMOS Y AYUDAMOS Como viene siendo habitual en el Colegio de la Milagrosa de Polanco de la ropa que vamos trayendo para reciclar a lo largo del curso, reservamos una parte determinada para la Campa\u00f1a SOS \u00c1FRICA. Vamos trayendo con ilusi\u00f3n la opra que ya no usamos, sabiendo que lo que a nosotros [&hellip;]<\/p>\n","protected":false},"author":11,"featured_media":572,"comment_status":"open","ping_status":"closed","sticky":false,"template":"","format":"standard","meta":{"_et_pb_use_builder":"","_et_pb_old_content":"","_et_gb_content_width":"","footnotes":""},"categories":[1],"tags":[],"class_list":["post-552","post","type-post","status-publish","format-standard","has-post-thumbnail","hentry","category-noticias"],"_links":{"self":[{"href":"https:\/\/lamilagrosapolanco.com\/index.php?rest_route=\/wp\/v2\/posts\/552","targetHints":{"allow":["GET"]}}],"collection":[{"href":"https:\/\/lamilagrosapolanco.com\/index.php?rest_route=\/wp\/v2\/posts"}],"about":[{"href":"https:\/\/lamilagrosapolanco.com\/index.php?rest_route=\/wp\/v2\/types\/post"}],"author":[{"embeddable":true,"href":"https:\/\/lamilagrosapolanco.com\/index.php?rest_route=\/wp\/v2\/users\/11"}],"replies":[{"embeddable":true,"href":"https:\/\/lamilagrosapolanco.com\/index.php?rest_route=%2Fwp%2Fv2%2Fcomments&post=552"}],"version-history":[{"count":2,"href":"https:\/\/lamilagrosapolanco.com\/index.php?rest_route=\/wp\/v2\/posts\/552\/revisions"}],"predecessor-version":[{"id":554,"href":"https:\/\/lamilagrosapolanco.com\/index.php?rest_route=\/wp\/v2\/posts\/552\/revisions\/554"}],"wp:featuredmedia":[{"embeddable":true,"href":"https:\/\/lamilagrosapolanco.com\/index.php?rest_route=\/wp\/v2\/media\/572"}],"wp:attachment":[{"href":"https:\/\/lamilagrosapolanco.com\/index.php?rest_route=%2Fwp%2Fv2%2Fmedia&parent=552"}],"wp:term":[{"taxonomy":"category","embeddable":true,"href":"https:\/\/lamilagrosapolanco.com\/index.php?rest_route=%2Fwp%2Fv2%2Fcategories&post=552"},{"taxonomy":"post_tag","embeddable":true,"href":"https:\/\/lamilagrosapolanco.com\/index.php?rest_route=%2Fwp%2Fv2%2Ftags&post=552"}],"curies":[{"name":"wp","href":"https:\/\/api.w.org\/{rel}","templated":true}]}}