

{"id":5399,"date":"2022-02-10T17:39:05","date_gmt":"2022-02-10T16:39:05","guid":{"rendered":"https:\/\/lamilagrosapolanco.com\/?p=5399"},"modified":"2022-03-29T12:04:32","modified_gmt":"2022-03-29T10:04:32","slug":"carnaval-2022","status":"publish","type":"post","link":"https:\/\/lamilagrosapolanco.com\/?p=5399","title":{"rendered":"CARNAVAL 2022"},"content":{"rendered":"<p>[et_pb_section fb_built=\u00bb1&#8243; _builder_version=\u00bb4.14.8&#8243; background_enable_image=\u00bboff\u00bb hover_enabled=\u00bb0&#8243; global_colors_info=\u00bb{}\u00bb sticky_enabled=\u00bb0&#8243;][et_pb_row _builder_version=\u00bb4.14.8&#8243; background_enable_image=\u00bboff\u00bb background_size=\u00bbinitial\u00bb background_position=\u00bbtop_left\u00bb background_repeat=\u00bbrepeat\u00bb hover_enabled=\u00bb0&#8243; global_colors_info=\u00bb{}\u00bb sticky_enabled=\u00bb0&#8243;][et_pb_column type=\u00bb4_4&#8243; _builder_version=\u00bb3.25&#8243; custom_padding=\u00bb|||\u00bb global_colors_info=\u00bb{}\u00bb custom_padding__hover=\u00bb|||\u00bb][et_pb_text _builder_version=\u00bb4.14.8&#8243; background_size=\u00bbinitial\u00bb background_position=\u00bbtop_left\u00bb background_repeat=\u00bbrepeat\u00bb hover_enabled=\u00bb0&#8243; global_colors_info=\u00bb{}\u00bb sticky_enabled=\u00bb0&#8243;]<\/p>\n<h1 style=\"text-align: center;\"><strong>\u00a0&#x1f60a;<\/strong>\u00bfQui\u00e9n se apunta a una semana de pasarlo genial?&#x1f60a;<\/h1>\n<h1 style=\"text-align: center;\">\u00a1Pongamos un poco de alegr\u00eda y color a la vida!<\/h1>\n<h1 style=\"text-align: center;\">Aqu\u00ed os presentamos el cartel oficial y la organizaci\u00f3n de la semana.<\/h1>\n<h1 style=\"text-align: center;\">\u00a1Esperamos vuestra participaci\u00f3n!&#x1f44d;<\/h1>\n<p>&nbsp;<\/p>\n<p style=\"text-align: center;\"><img loading=\"lazy\" decoding=\"async\" class=\"wp-image-5401 alignnone \" src=\"https:\/\/lamilagrosapolanco.com\/wp-content\/uploads\/2022\/02\/carnaval-La-Milagrosa-1-1-1-216x300.jpeg\" alt=\"\" width=\"271\" height=\"376\" \/> <img loading=\"lazy\" decoding=\"async\" class=\"wp-image-5402 alignnone \" src=\"https:\/\/lamilagrosapolanco.com\/wp-content\/uploads\/2022\/02\/carnaval-La-Milagrosa-1-2-1-215x300.jpeg\" alt=\"\" width=\"269\" height=\"375\" \/><\/p>\n<p>[\/et_pb_text][\/et_pb_column][\/et_pb_row][\/et_pb_section]<\/p>\n","protected":false},"excerpt":{"rendered":"<p>\u00a0&#x1f60a;\u00bfQui\u00e9n se apunta a una semana de pasarlo genial?&#x1f60a; \u00a1Pongamos un poco de alegr\u00eda y color a la vida! Aqu\u00ed os presentamos el cartel oficial y la organizaci\u00f3n de la semana. \u00a1Esperamos vuestra participaci\u00f3n!&#x1f44d; &nbsp;<\/p>\n","protected":false},"author":11,"featured_media":5401,"comment_status":"open","ping_status":"closed","sticky":false,"template":"","format":"standard","meta":{"_et_pb_use_builder":"on","_et_pb_old_content":"<h1 style=\"text-align: center;\"><strong>\u00a0<\/strong>\u00bfQui\u00e9n se apunta a una semana de pasarlo genial?<\/h1><h1 style=\"text-align: center;\">\u00a1Pongamos un poco de alegr\u00eda y color a la vida!<\/h1><h1 style=\"text-align: center;\">Aqu\u00ed os presentamos el cartel oficial y la organizaci\u00f3n de la semana.<\/h1><h1 style=\"text-align: center;\">\u00a1Esperamos vuestra participaci\u00f3n!<\/h1><p>\u00a0<\/p><p style=\"text-align: center;\"><img class=\"alignnone wp-image-5401\" src=\"https:\/\/lamilagrosapolanco.com\/wp-content\/uploads\/2022\/02\/carnaval-La-Milagrosa-1-1-1-216x300.jpeg\" alt=\"\" width=\"317\" height=\"440\" \/> <img class=\"alignnone wp-image-5402\" src=\"https:\/\/lamilagrosapolanco.com\/wp-content\/uploads\/2022\/02\/carnaval-La-Milagrosa-1-2-1-215x300.jpeg\" alt=\"\" width=\"314\" height=\"438\" \/><\/p>","_et_gb_content_width":"","footnotes":""},"categories":[1],"tags":[],"class_list":["post-5399","post","type-post","status-publish","format-standard","has-post-thumbnail","hentry","category-noticias"],"_links":{"self":[{"href":"https:\/\/lamilagrosapolanco.com\/index.php?rest_route=\/wp\/v2\/posts\/5399","targetHints":{"allow":["GET"]}}],"collection":[{"href":"https:\/\/lamilagrosapolanco.com\/index.php?rest_route=\/wp\/v2\/posts"}],"about":[{"href":"https:\/\/lamilagrosapolanco.com\/index.php?rest_route=\/wp\/v2\/types\/post"}],"author":[{"embeddable":true,"href":"https:\/\/lamilagrosapolanco.com\/index.php?rest_route=\/wp\/v2\/users\/11"}],"replies":[{"embeddable":true,"href":"https:\/\/lamilagrosapolanco.com\/index.php?rest_route=%2Fwp%2Fv2%2Fcomments&post=5399"}],"version-history":[{"count":9,"href":"https:\/\/lamilagrosapolanco.com\/index.php?rest_route=\/wp\/v2\/posts\/5399\/revisions"}],"predecessor-version":[{"id":5657,"href":"https:\/\/lamilagrosapolanco.com\/index.php?rest_route=\/wp\/v2\/posts\/5399\/revisions\/5657"}],"wp:featuredmedia":[{"embeddable":true,"href":"https:\/\/lamilagrosapolanco.com\/index.php?rest_route=\/wp\/v2\/media\/5401"}],"wp:attachment":[{"href":"https:\/\/lamilagrosapolanco.com\/index.php?rest_route=%2Fwp%2Fv2%2Fmedia&parent=5399"}],"wp:term":[{"taxonomy":"category","embeddable":true,"href":"https:\/\/lamilagrosapolanco.com\/index.php?rest_route=%2Fwp%2Fv2%2Fcategories&post=5399"},{"taxonomy":"post_tag","embeddable":true,"href":"https:\/\/lamilagrosapolanco.com\/index.php?rest_route=%2Fwp%2Fv2%2Ftags&post=5399"}],"curies":[{"name":"wp","href":"https:\/\/api.w.org\/{rel}","templated":true}]}}