

{"id":5064,"date":"2021-10-01T11:50:54","date_gmt":"2021-10-01T09:50:54","guid":{"rendered":"https:\/\/lamilagrosapolanco.com\/?p=5064"},"modified":"2021-10-01T11:52:21","modified_gmt":"2021-10-01T09:52:21","slug":"proyecto-2x1-de-reciclaje-2021-2022","status":"publish","type":"post","link":"https:\/\/lamilagrosapolanco.com\/?p=5064","title":{"rendered":"Proyecto 2&#215;1 de reciclaje 2021-2022"},"content":{"rendered":"<p>[et_pb_section fb_built=\u00bb1&#8243; _builder_version=\u00bb4.9.4&#8243; _module_preset=\u00bbdefault\u00bb][et_pb_row _builder_version=\u00bb4.9.4&#8243; _module_preset=\u00bbdefault\u00bb][et_pb_column type=\u00bb4_4&#8243; _builder_version=\u00bb4.9.4&#8243; _module_preset=\u00bbdefault\u00bb][et_pb_text _builder_version=\u00bb4.9.4&#8243; _module_preset=\u00bbdefault\u00bb hover_enabled=\u00bb0&#8243; sticky_enabled=\u00bb0&#8243;]<\/p>\n<p class=\"x_x_MsoNormal\"><i><b>Compartimos con vosotros el proyecto 2&#215;1 de reciclaje que vamos a llevar a cabo en el centro durante este curso en colaboraci\u00f3n con MISEVI y Terracycle; y al que os animamos a participar. \u00a0<\/b><\/i><\/p>\n<p class=\"x_x_MsoNormal\"><i><b>El objetivo del proyecto es recaudar material escolar ya utilizado, para su posterior reciclaje y reutilizaci\u00f3n. Con nuestra aportaci\u00f3n colaboramos en proyectos solidarios en Angola y Bolivia, adem\u00e1s de fomentar la sostenibilidad. \u00a0<\/b><\/i><\/p>\n<p class=\"x_x_MsoNormal\"><i><b>En el cartel adjunto pod\u00e9is encontrar m\u00e1s informaci\u00f3n acerca del material aceptado y un video explicativo del proceso que se va a llevar a cabo. \u00a0<\/b><\/i><\/p>\n<p>[\/et_pb_text][et_pb_image src=\u00bbhttps:\/\/lamilagrosapolanco.com\/wp-content\/uploads\/2021\/10\/Cartel-2&#215;1-reciclaje_001-min.png\u00bb title_text=\u00bbCartel 2&#215;1 reciclaje_001-min\u00bb _builder_version=\u00bb4.9.4&#8243; _module_preset=\u00bbdefault\u00bb hover_enabled=\u00bb0&#8243; align=\u00bbcenter\u00bb sticky_enabled=\u00bb0&#8243;][\/et_pb_image][\/et_pb_column][\/et_pb_row][\/et_pb_section]<\/p>\n","protected":false},"excerpt":{"rendered":"<p>Compartimos con vosotros el proyecto 2&#215;1 de reciclaje que vamos a llevar a cabo en el centro durante este curso en colaboraci\u00f3n con MISEVI y Terracycle; y al que os animamos a participar. \u00a0 El objetivo del proyecto es recaudar material escolar ya utilizado, para su posterior reciclaje y reutilizaci\u00f3n. Con nuestra aportaci\u00f3n colaboramos en [&hellip;]<\/p>\n","protected":false},"author":11,"featured_media":5067,"comment_status":"open","ping_status":"closed","sticky":false,"template":"","format":"standard","meta":{"_et_pb_use_builder":"on","_et_pb_old_content":"","_et_gb_content_width":"","footnotes":""},"categories":[1],"tags":[],"class_list":["post-5064","post","type-post","status-publish","format-standard","has-post-thumbnail","hentry","category-noticias"],"_links":{"self":[{"href":"https:\/\/lamilagrosapolanco.com\/index.php?rest_route=\/wp\/v2\/posts\/5064","targetHints":{"allow":["GET"]}}],"collection":[{"href":"https:\/\/lamilagrosapolanco.com\/index.php?rest_route=\/wp\/v2\/posts"}],"about":[{"href":"https:\/\/lamilagrosapolanco.com\/index.php?rest_route=\/wp\/v2\/types\/post"}],"author":[{"embeddable":true,"href":"https:\/\/lamilagrosapolanco.com\/index.php?rest_route=\/wp\/v2\/users\/11"}],"replies":[{"embeddable":true,"href":"https:\/\/lamilagrosapolanco.com\/index.php?rest_route=%2Fwp%2Fv2%2Fcomments&post=5064"}],"version-history":[{"count":6,"href":"https:\/\/lamilagrosapolanco.com\/index.php?rest_route=\/wp\/v2\/posts\/5064\/revisions"}],"predecessor-version":[{"id":5073,"href":"https:\/\/lamilagrosapolanco.com\/index.php?rest_route=\/wp\/v2\/posts\/5064\/revisions\/5073"}],"wp:featuredmedia":[{"embeddable":true,"href":"https:\/\/lamilagrosapolanco.com\/index.php?rest_route=\/wp\/v2\/media\/5067"}],"wp:attachment":[{"href":"https:\/\/lamilagrosapolanco.com\/index.php?rest_route=%2Fwp%2Fv2%2Fmedia&parent=5064"}],"wp:term":[{"taxonomy":"category","embeddable":true,"href":"https:\/\/lamilagrosapolanco.com\/index.php?rest_route=%2Fwp%2Fv2%2Fcategories&post=5064"},{"taxonomy":"post_tag","embeddable":true,"href":"https:\/\/lamilagrosapolanco.com\/index.php?rest_route=%2Fwp%2Fv2%2Ftags&post=5064"}],"curies":[{"name":"wp","href":"https:\/\/api.w.org\/{rel}","templated":true}]}}