

{"id":483,"date":"2014-07-21T10:29:38","date_gmt":"2014-07-21T08:29:38","guid":{"rendered":"http:\/\/lamilagrosapolanco.com\/?p=483"},"modified":"2014-07-22T11:46:32","modified_gmt":"2014-07-22T09:46:32","slug":"visita-de-sor-rosa-maria-miro","status":"publish","type":"post","link":"https:\/\/lamilagrosapolanco.com\/?p=483","title":{"rendered":"Visita de Sor Rosa Mar\u00eda Mir\u00f3."},"content":{"rendered":"<div id=\"attachment_495\" style=\"width: 211px\" class=\"wp-caption alignleft\"><img loading=\"lazy\" decoding=\"async\" aria-describedby=\"caption-attachment-495\" class=\"size-medium wp-image-495\" src=\"https:\/\/lamilagrosapolanco.com\/wp-content\/uploads\/2014\/07\/DSC03625-201x300.jpg\" alt=\"Sor Rosa M\u00aa nos visita\" width=\"201\" height=\"300\" srcset=\"https:\/\/lamilagrosapolanco.com\/wp-content\/uploads\/2014\/07\/DSC03625-201x300.jpg 201w, https:\/\/lamilagrosapolanco.com\/wp-content\/uploads\/2014\/07\/DSC03625-472x705.jpg 472w, https:\/\/lamilagrosapolanco.com\/wp-content\/uploads\/2014\/07\/DSC03625-450x671.jpg 450w, https:\/\/lamilagrosapolanco.com\/wp-content\/uploads\/2014\/07\/DSC03625.jpg 536w\" sizes=\"(max-width: 201px) 100vw, 201px\" \/><p id=\"caption-attachment-495\" class=\"wp-caption-text\">Sor Rosa M\u00aa nos visita<\/p><\/div>\n<div class=\"et_pb_slider et_pb_slider_fullwidth_off et_pb_gallery_post_type\">\n\t\t\t\t<div class=\"et_pb_slides\">\n\t\t\t\t\t<div class=\"et_pb_slide\" style=\"background: url(https:\/\/lamilagrosapolanco.com\/wp-content\/uploads\/2014\/07\/foto.jpg);\"><\/div>\n\t\t\t\t<\/div>\n\t\t\t<\/div>\n<p>&nbsp;<\/p>\n<p>&nbsp;<\/p>\n<p><a href=\"http:\/\/https:\/\/vimeo.com\/101067462\">La Consejera General de habla hispana visita el Colegio La Milagrosa de Polanco<\/a><\/p>\n<p>&nbsp;<\/p>\n<p>&nbsp;<\/p>\n<p><strong>Sor Rosa Mar\u00eda Mir\u00f3, Consejera General de Lengua Espa\u00f1ola, viene de visita\u00a0Regular a Cantabria.<\/strong><\/p>\n<p><strong>Nosotros tenemos la suerte de contar con su presencia.\u00a0 Disfrutamos y agradecemos su paso por el Colegio.<\/strong><\/p>\n<p>&nbsp;<\/p>\n<p>&nbsp;<\/p>\n<p>&nbsp;<\/p>\n<p>&nbsp;<\/p>\n","protected":false},"excerpt":{"rendered":"<p>&nbsp; &nbsp; La Consejera General de habla hispana visita el Colegio La Milagrosa de Polanco &nbsp; &nbsp; Sor Rosa Mar\u00eda Mir\u00f3, Consejera General de Lengua Espa\u00f1ola, viene de visita\u00a0Regular a Cantabria. Nosotros tenemos la suerte de contar con su presencia.\u00a0 Disfrutamos y agradecemos su paso por el Colegio. &nbsp; &nbsp; &nbsp; &nbsp;<\/p>\n","protected":false},"author":11,"featured_media":573,"comment_status":"open","ping_status":"closed","sticky":false,"template":"","format":"standard","meta":{"_et_pb_use_builder":"","_et_pb_old_content":"","_et_gb_content_width":"","footnotes":""},"categories":[1],"tags":[],"class_list":["post-483","post","type-post","status-publish","format-standard","has-post-thumbnail","hentry","category-noticias"],"_links":{"self":[{"href":"https:\/\/lamilagrosapolanco.com\/index.php?rest_route=\/wp\/v2\/posts\/483","targetHints":{"allow":["GET"]}}],"collection":[{"href":"https:\/\/lamilagrosapolanco.com\/index.php?rest_route=\/wp\/v2\/posts"}],"about":[{"href":"https:\/\/lamilagrosapolanco.com\/index.php?rest_route=\/wp\/v2\/types\/post"}],"author":[{"embeddable":true,"href":"https:\/\/lamilagrosapolanco.com\/index.php?rest_route=\/wp\/v2\/users\/11"}],"replies":[{"embeddable":true,"href":"https:\/\/lamilagrosapolanco.com\/index.php?rest_route=%2Fwp%2Fv2%2Fcomments&post=483"}],"version-history":[{"count":7,"href":"https:\/\/lamilagrosapolanco.com\/index.php?rest_route=\/wp\/v2\/posts\/483\/revisions"}],"predecessor-version":[{"id":574,"href":"https:\/\/lamilagrosapolanco.com\/index.php?rest_route=\/wp\/v2\/posts\/483\/revisions\/574"}],"wp:featuredmedia":[{"embeddable":true,"href":"https:\/\/lamilagrosapolanco.com\/index.php?rest_route=\/wp\/v2\/media\/573"}],"wp:attachment":[{"href":"https:\/\/lamilagrosapolanco.com\/index.php?rest_route=%2Fwp%2Fv2%2Fmedia&parent=483"}],"wp:term":[{"taxonomy":"category","embeddable":true,"href":"https:\/\/lamilagrosapolanco.com\/index.php?rest_route=%2Fwp%2Fv2%2Fcategories&post=483"},{"taxonomy":"post_tag","embeddable":true,"href":"https:\/\/lamilagrosapolanco.com\/index.php?rest_route=%2Fwp%2Fv2%2Ftags&post=483"}],"curies":[{"name":"wp","href":"https:\/\/api.w.org\/{rel}","templated":true}]}}