

{"id":3489,"date":"2019-11-22T09:16:29","date_gmt":"2019-11-22T08:16:29","guid":{"rendered":"http:\/\/lamilagrosapolanco.com\/?p=3489"},"modified":"2019-11-22T09:19:58","modified_gmt":"2019-11-22T08:19:58","slug":"cronica-ii-torneo-de-ajedrez-educativo-centros-vicencianos","status":"publish","type":"post","link":"https:\/\/lamilagrosapolanco.com\/?p=3489","title":{"rendered":"Cr\u00f3nica II Torneo de Ajedrez educativo Centros Vicencianos"},"content":{"rendered":"<p>[et_pb_section fb_built=\u00bb1&#8243; prev_background_color=\u00bb#000000&#8243; _builder_version=\u00bb3.26.3&#8243; top_divider_style=\u00bbarrow3&#8243;][et_pb_row _builder_version=\u00bb3.26.3&#8243;][et_pb_column type=\u00bb4_4&#8243; _builder_version=\u00bb3.26.3&#8243;][et_pb_text _builder_version=\u00bb3.26.3&#8243; custom_margin=\u00bb92px||||false|false\u00bb]<\/p>\n<p>Lleg\u00f3 el d\u00eda esperado que tanto hab\u00edamos preparado, en especial nuestra profesora Elisa.<\/p>\n<p>Recibimos a nuestros invitados y compa\u00f1eros de lo<span class=\"text_exposed_show\">s diferentes centros, venidos de <a class=\"profileLink\" href=\"https:\/\/www.facebook.com\/Colegio-Sagrado-Coraz\u00f3n-de-Jes\u00fas-194871644384545\/?__tn__=KH-R&amp;eid=ARBgGG_vDwv9aevd05tcHWmUtlGC_VEConudOUK0mskzE5IUqFloUDKqloVXJlqRGm3q0zSxf0YowuyH&amp;fref=mentions&amp;__xts__%5B0%5D=68.ARC00V2ccjPwzpQBI7gVpdJx8clWqktbDM6HYUkoRtd_031u0dEWFK66eg1DaGSsXR8JvQfeHygPvVFLQnn7xg3x-zFKXYEII2FlNy8gekWpZQVvpGc7FASfmWZozVCSuyNQCCFBOj9eDbDiqu3AfaFFYdlmvrNXknKfxyT4OE2hMPAeDhEz-LHBGFr7Z9L94jGr24PWPBjeqqmOyUGi1495ee-ROn-CNDzNWFF2cgl98YV-izi4cuWNUaJwLuGYu2RgH9ZcnbRmI_kAyfgCzr0Gnp3AJMSwj_eEqcYje7N0Wht1aEZVXgHfBA5ArS2VsABHiWoKqE5Ecb4fpQFN5IXxHQ\" data-hovercard=\"\/ajax\/hovercard\/page.php?id=194871644384545&amp;extragetparams=%7B%22__tn__%22%3A%22%2CdKH-R-R%22%2C%22eid%22%3A%22ARBgGG_vDwv9aevd05tcHWmUtlGC_VEConudOUK0mskzE5IUqFloUDKqloVXJlqRGm3q0zSxf0YowuyH%22%2C%22fref%22%3A%22mentions%22%7D\" data-hovercard-prefer-more-content-show=\"1\">Colegio Sagrado Coraz\u00f3n de Jes\u00fas<\/a> de Santo\u00f1a, <a class=\"profileLink\" href=\"https:\/\/www.facebook.com\/pages\/Colegio-Pur%C3%ADsima-Concepci%C3%B3n\/257015887751510?__tn__=KH-R&amp;eid=ARCueJd__GEDiLHS5xo1Kdw_8LDlinekaxJ5ZYIw25O01OUEhxMWf0wWhvMYQrRDXa22Ws00wKax-G9w&amp;fref=mentions&amp;__xts__%5B0%5D=68.ARC00V2ccjPwzpQBI7gVpdJx8clWqktbDM6HYUkoRtd_031u0dEWFK66eg1DaGSsXR8JvQfeHygPvVFLQnn7xg3x-zFKXYEII2FlNy8gekWpZQVvpGc7FASfmWZozVCSuyNQCCFBOj9eDbDiqu3AfaFFYdlmvrNXknKfxyT4OE2hMPAeDhEz-LHBGFr7Z9L94jGr24PWPBjeqqmOyUGi1495ee-ROn-CNDzNWFF2cgl98YV-izi4cuWNUaJwLuGYu2RgH9ZcnbRmI_kAyfgCzr0Gnp3AJMSwj_eEqcYje7N0Wht1aEZVXgHfBA5ArS2VsABHiWoKqE5Ecb4fpQFN5IXxHQ\" data-hovercard=\"\/ajax\/hovercard\/page.php?id=257015887751510&amp;extragetparams=%7B%22__tn__%22%3A%22%2CdKH-R-R%22%2C%22eid%22%3A%22ARCueJd__GEDiLHS5xo1Kdw_8LDlinekaxJ5ZYIw25O01OUEhxMWf0wWhvMYQrRDXa22Ws00wKax-G9w%22%2C%22fref%22%3A%22mentions%22%7D\" data-hovercard-prefer-more-content-show=\"1\">Colegio Pur\u00edsima Concepci\u00f3n<\/a> de Santander y <a class=\"profileLink\" href=\"https:\/\/www.facebook.com\/sanjose.asti\/?__tn__=KH-R&amp;eid=ARAvCCnb6geLUYaTV2RKEwNscVFQZ9DNuis5zqaxDg8Dp23MRZUYf50yoKvllwsNOuRVxlqMulgqGTqz&amp;fref=mentions&amp;__xts__%5B0%5D=68.ARC00V2ccjPwzpQBI7gVpdJx8clWqktbDM6HYUkoRtd_031u0dEWFK66eg1DaGSsXR8JvQfeHygPvVFLQnn7xg3x-zFKXYEII2FlNy8gekWpZQVvpGc7FASfmWZozVCSuyNQCCFBOj9eDbDiqu3AfaFFYdlmvrNXknKfxyT4OE2hMPAeDhEz-LHBGFr7Z9L94jGr24PWPBjeqqmOyUGi1495ee-ROn-CNDzNWFF2cgl98YV-izi4cuWNUaJwLuGYu2RgH9ZcnbRmI_kAyfgCzr0Gnp3AJMSwj_eEqcYje7N0Wht1aEZVXgHfBA5ArS2VsABHiWoKqE5Ecb4fpQFN5IXxHQ\" data-hovercard=\"\/ajax\/hovercard\/page.php?id=849740401783342&amp;extragetparams=%7B%22__tn__%22%3A%22%2CdKH-R-R%22%2C%22eid%22%3A%22ARAvCCnb6geLUYaTV2RKEwNscVFQZ9DNuis5zqaxDg8Dp23MRZUYf50yoKvllwsNOuRVxlqMulgqGTqz%22%2C%22fref%22%3A%22mentions%22%7D\" data-hovercard-prefer-more-content-show=\"1\">Colegio San Jos\u00e9 &#8211; Guarnizo-El Astillero<\/a>. <\/span><\/p>\n<div class=\"text_exposed_show\">\n<p>Muchos nervios al comienzo que fueron templando a lo largo de la ma\u00f1ana. Y mucho m\u00e1s, tras el almuerzo compartido.<\/p>\n<p>Esta jornada nos ha ayudado a conocer y convivir con los CEV de Cantabria. Ya que somos como una gran familia. \u00a1VOLVED PRONTO!<\/p>\n<p>Queremos agradecer a todos los participantes, tanto alumnos como profesores, \u00e1rbitros y autoridades del Ayto de Polanco la buena predisposici\u00f3n en todo momento y su visita en este d\u00eda.<\/p>\n<p>\u00a1Nos vemos el a\u00f1o que viene!<span class=\"_5mfr\"><span class=\"_6qdm\">&#x1f603;<\/span><\/span><span class=\"_5mfr\"><span class=\"_6qdm\">&#x1f44f;<\/span><\/span><span class=\"_5mfr\"><span class=\"_6qdm\">&#x1f3c6;<\/span><\/span><span class=\"_5mfr\"><span class=\"_6qdm\">&#x265f;<\/span><\/span><\/p>\n<\/div>\n<p>[\/et_pb_text][et_pb_gallery gallery_ids=\u00bb3495,3494,3493,3492&#8243; show_title_and_caption=\u00bboff\u00bb _builder_version=\u00bb3.26.3&#8243;][\/et_pb_gallery][\/et_pb_column][\/et_pb_row][\/et_pb_section]<\/p>\n","protected":false},"excerpt":{"rendered":"<p>Lleg\u00f3 el d\u00eda esperado que tanto hab\u00edamos preparado, en especial nuestra profesora Elisa. Recibimos a nuestros invitados y compa\u00f1eros de los diferentes centros, venidos de Colegio Sagrado Coraz\u00f3n de Jes\u00fas de Santo\u00f1a, Colegio Pur\u00edsima Concepci\u00f3n de Santander y Colegio San Jos\u00e9 &#8211; Guarnizo-El Astillero. Muchos nervios al comienzo que fueron templando a lo largo de [&hellip;]<\/p>\n","protected":false},"author":11,"featured_media":3494,"comment_status":"open","ping_status":"closed","sticky":false,"template":"","format":"standard","meta":{"_et_pb_use_builder":"on","_et_pb_old_content":"","_et_gb_content_width":"","footnotes":""},"categories":[1],"tags":[],"class_list":["post-3489","post","type-post","status-publish","format-standard","has-post-thumbnail","hentry","category-noticias"],"_links":{"self":[{"href":"https:\/\/lamilagrosapolanco.com\/index.php?rest_route=\/wp\/v2\/posts\/3489","targetHints":{"allow":["GET"]}}],"collection":[{"href":"https:\/\/lamilagrosapolanco.com\/index.php?rest_route=\/wp\/v2\/posts"}],"about":[{"href":"https:\/\/lamilagrosapolanco.com\/index.php?rest_route=\/wp\/v2\/types\/post"}],"author":[{"embeddable":true,"href":"https:\/\/lamilagrosapolanco.com\/index.php?rest_route=\/wp\/v2\/users\/11"}],"replies":[{"embeddable":true,"href":"https:\/\/lamilagrosapolanco.com\/index.php?rest_route=%2Fwp%2Fv2%2Fcomments&post=3489"}],"version-history":[{"count":7,"href":"https:\/\/lamilagrosapolanco.com\/index.php?rest_route=\/wp\/v2\/posts\/3489\/revisions"}],"predecessor-version":[{"id":3502,"href":"https:\/\/lamilagrosapolanco.com\/index.php?rest_route=\/wp\/v2\/posts\/3489\/revisions\/3502"}],"wp:featuredmedia":[{"embeddable":true,"href":"https:\/\/lamilagrosapolanco.com\/index.php?rest_route=\/wp\/v2\/media\/3494"}],"wp:attachment":[{"href":"https:\/\/lamilagrosapolanco.com\/index.php?rest_route=%2Fwp%2Fv2%2Fmedia&parent=3489"}],"wp:term":[{"taxonomy":"category","embeddable":true,"href":"https:\/\/lamilagrosapolanco.com\/index.php?rest_route=%2Fwp%2Fv2%2Fcategories&post=3489"},{"taxonomy":"post_tag","embeddable":true,"href":"https:\/\/lamilagrosapolanco.com\/index.php?rest_route=%2Fwp%2Fv2%2Ftags&post=3489"}],"curies":[{"name":"wp","href":"https:\/\/api.w.org\/{rel}","templated":true}]}}