

{"id":3459,"date":"2019-11-18T09:37:47","date_gmt":"2019-11-18T08:37:47","guid":{"rendered":"http:\/\/lamilagrosapolanco.com\/?p=3459"},"modified":"2019-11-18T09:38:07","modified_gmt":"2019-11-18T08:38:07","slug":"ii-edicion-del-torneo-de-ajedrez-cev","status":"publish","type":"post","link":"https:\/\/lamilagrosapolanco.com\/?p=3459","title":{"rendered":"II edici\u00f3n del torneo de ajedrez CEV"},"content":{"rendered":"<p>[et_pb_section fb_built=\u00bb1&#8243; _builder_version=\u00bb3.26.3&#8243;][et_pb_row _builder_version=\u00bb3.26.3&#8243;][et_pb_column type=\u00bb4_4&#8243; _builder_version=\u00bb3.26.3&#8243;][et_pb_text _builder_version=\u00bb3.26.3&#8243;]<\/p>\n<p>El pr\u00f3ximo martes 19 de noviembre, d\u00eda mundial del ajedrez, nuestro colegio acoger\u00e1 a 270 alumnos de otros centros educativos vicencianos de Cantabria.<br \/>En esta ocasi\u00f3n, el colegio La Milagrosa de Polanco celebrar\u00e1 la II edici\u00f3n del torneo de ajedrez CEV<\/p>\n<p>[\/et_pb_text][et_pb_image src=\u00bbhttps:\/\/lamilagrosapolanco.com\/wp-content\/uploads\/2019\/11\/WhatsApp-Image-2019-11-17-at-18.22.14.jpeg\u00bb _builder_version=\u00bb3.26.3&#8243;][\/et_pb_image][\/et_pb_column][\/et_pb_row][\/et_pb_section]<\/p>\n","protected":false},"excerpt":{"rendered":"<p>El pr\u00f3ximo martes 19 de noviembre, d\u00eda mundial del ajedrez, nuestro colegio acoger\u00e1 a 270 alumnos de otros centros educativos vicencianos de Cantabria.En esta ocasi\u00f3n, el colegio La Milagrosa de Polanco celebrar\u00e1 la II edici\u00f3n del torneo de ajedrez CEV<\/p>\n","protected":false},"author":11,"featured_media":3463,"comment_status":"open","ping_status":"closed","sticky":false,"template":"","format":"standard","meta":{"_et_pb_use_builder":"on","_et_pb_old_content":"","_et_gb_content_width":"","footnotes":""},"categories":[1],"tags":[],"class_list":["post-3459","post","type-post","status-publish","format-standard","has-post-thumbnail","hentry","category-noticias"],"_links":{"self":[{"href":"https:\/\/lamilagrosapolanco.com\/index.php?rest_route=\/wp\/v2\/posts\/3459","targetHints":{"allow":["GET"]}}],"collection":[{"href":"https:\/\/lamilagrosapolanco.com\/index.php?rest_route=\/wp\/v2\/posts"}],"about":[{"href":"https:\/\/lamilagrosapolanco.com\/index.php?rest_route=\/wp\/v2\/types\/post"}],"author":[{"embeddable":true,"href":"https:\/\/lamilagrosapolanco.com\/index.php?rest_route=\/wp\/v2\/users\/11"}],"replies":[{"embeddable":true,"href":"https:\/\/lamilagrosapolanco.com\/index.php?rest_route=%2Fwp%2Fv2%2Fcomments&post=3459"}],"version-history":[{"count":3,"href":"https:\/\/lamilagrosapolanco.com\/index.php?rest_route=\/wp\/v2\/posts\/3459\/revisions"}],"predecessor-version":[{"id":3467,"href":"https:\/\/lamilagrosapolanco.com\/index.php?rest_route=\/wp\/v2\/posts\/3459\/revisions\/3467"}],"wp:featuredmedia":[{"embeddable":true,"href":"https:\/\/lamilagrosapolanco.com\/index.php?rest_route=\/wp\/v2\/media\/3463"}],"wp:attachment":[{"href":"https:\/\/lamilagrosapolanco.com\/index.php?rest_route=%2Fwp%2Fv2%2Fmedia&parent=3459"}],"wp:term":[{"taxonomy":"category","embeddable":true,"href":"https:\/\/lamilagrosapolanco.com\/index.php?rest_route=%2Fwp%2Fv2%2Fcategories&post=3459"},{"taxonomy":"post_tag","embeddable":true,"href":"https:\/\/lamilagrosapolanco.com\/index.php?rest_route=%2Fwp%2Fv2%2Ftags&post=3459"}],"curies":[{"name":"wp","href":"https:\/\/api.w.org\/{rel}","templated":true}]}}