

{"id":3314,"date":"2019-09-27T14:16:06","date_gmt":"2019-09-27T12:16:06","guid":{"rendered":"http:\/\/lamilagrosapolanco.com\/?p=3314"},"modified":"2019-09-27T14:16:11","modified_gmt":"2019-09-27T12:16:11","slug":"celebracion-san-vicente-2019","status":"publish","type":"post","link":"https:\/\/lamilagrosapolanco.com\/?p=3314","title":{"rendered":"Celebraci\u00f3n San Vicente 2019"},"content":{"rendered":"<p>[et_pb_section fb_built=\u00bb1&#8243; _builder_version=\u00bb3.26.3&#8243;][et_pb_row _builder_version=\u00bb3.26.3&#8243;][et_pb_column _builder_version=\u00bb3.26.3&#8243; type=\u00bb4_4&#8243;][et_pb_text _builder_version=\u00bb3.26.3&#8243;]<\/p>\n<p>Hoy, 27 de septiembre, es un d\u00eda muy especial para nuestro colegio, celebramos el d\u00eda de uno de nuestros fundadores, San Vicente de Paul. A primera hora, educaci\u00f3n infantil, 1\u00ba y 2\u00ba de primaria hemos hecho una celebraci\u00f3n conjunta.<\/p>\n<p>Adem\u00e1s hemos celebrado la primera eucarist\u00eda del curso, con los alumnos de 3\u00ba, 4\u00ba, 5\u00ba y 6\u00ba.<\/p>\n<p>[\/et_pb_text][et_pb_divider _builder_version=\u00bb3.26.3&#8243;][\/et_pb_divider][\/et_pb_column][\/et_pb_row][\/et_pb_section][et_pb_section fb_built=\u00bb1&#8243; _builder_version=\u00bb3.26.3&#8243;][et_pb_row _builder_version=\u00bb3.26.3&#8243;][et_pb_column _builder_version=\u00bb3.26.3&#8243; type=\u00bb4_4&#8243;][et_pb_gallery _builder_version=\u00bb3.26.3&#8243; gallery_ids=\u00bb3322,3321,3320,3318,3317&#8243; show_title_and_caption=\u00bboff\u00bb][\/et_pb_gallery][\/et_pb_column][\/et_pb_row][\/et_pb_section]<\/p>\n","protected":false},"excerpt":{"rendered":"<p>Hoy, 27 de septiembre, es un d\u00eda muy especial para nuestro colegio, celebramos el d\u00eda de uno de nuestros fundadores, San Vicente de Paul. A primera hora, educaci\u00f3n infantil, 1\u00ba y 2\u00ba de primaria hemos hecho una celebraci\u00f3n conjunta. Adem\u00e1s hemos celebrado la primera eucarist\u00eda del curso, con los alumnos de 3\u00ba, 4\u00ba, 5\u00ba y [&hellip;]<\/p>\n","protected":false},"author":11,"featured_media":3322,"comment_status":"open","ping_status":"closed","sticky":false,"template":"","format":"standard","meta":{"_et_pb_use_builder":"on","_et_pb_old_content":"","_et_gb_content_width":"","footnotes":""},"categories":[1],"tags":[],"class_list":["post-3314","post","type-post","status-publish","format-standard","has-post-thumbnail","hentry","category-noticias"],"_links":{"self":[{"href":"https:\/\/lamilagrosapolanco.com\/index.php?rest_route=\/wp\/v2\/posts\/3314","targetHints":{"allow":["GET"]}}],"collection":[{"href":"https:\/\/lamilagrosapolanco.com\/index.php?rest_route=\/wp\/v2\/posts"}],"about":[{"href":"https:\/\/lamilagrosapolanco.com\/index.php?rest_route=\/wp\/v2\/types\/post"}],"author":[{"embeddable":true,"href":"https:\/\/lamilagrosapolanco.com\/index.php?rest_route=\/wp\/v2\/users\/11"}],"replies":[{"embeddable":true,"href":"https:\/\/lamilagrosapolanco.com\/index.php?rest_route=%2Fwp%2Fv2%2Fcomments&post=3314"}],"version-history":[{"count":4,"href":"https:\/\/lamilagrosapolanco.com\/index.php?rest_route=\/wp\/v2\/posts\/3314\/revisions"}],"predecessor-version":[{"id":3325,"href":"https:\/\/lamilagrosapolanco.com\/index.php?rest_route=\/wp\/v2\/posts\/3314\/revisions\/3325"}],"wp:featuredmedia":[{"embeddable":true,"href":"https:\/\/lamilagrosapolanco.com\/index.php?rest_route=\/wp\/v2\/media\/3322"}],"wp:attachment":[{"href":"https:\/\/lamilagrosapolanco.com\/index.php?rest_route=%2Fwp%2Fv2%2Fmedia&parent=3314"}],"wp:term":[{"taxonomy":"category","embeddable":true,"href":"https:\/\/lamilagrosapolanco.com\/index.php?rest_route=%2Fwp%2Fv2%2Fcategories&post=3314"},{"taxonomy":"post_tag","embeddable":true,"href":"https:\/\/lamilagrosapolanco.com\/index.php?rest_route=%2Fwp%2Fv2%2Ftags&post=3314"}],"curies":[{"name":"wp","href":"https:\/\/api.w.org\/{rel}","templated":true}]}}