

{"id":3285,"date":"2019-05-11T20:35:16","date_gmt":"2019-05-11T18:35:16","guid":{"rendered":"http:\/\/lamilagrosapolanco.com\/?p=3285"},"modified":"2019-05-11T20:35:16","modified_gmt":"2019-05-11T18:35:16","slug":"9-de","status":"publish","type":"post","link":"https:\/\/lamilagrosapolanco.com\/?p=3285","title":{"rendered":"9 de Mayo de 2019,  Santa Luisa de Marillac"},"content":{"rendered":"<p>[et_pb_section bb_built=\u00bb1&#8243;][et_pb_row][et_pb_column type=\u00bb4_4&#8243;][et_pb_text _builder_version=\u00bb3.19.14&#8243;]<\/p>\n<p>Un a\u00f1o m\u00e1s celebramos el D\u00cdA DE SANTA LUISA DE MARILLAC. Es un d\u00eda muy importante para los ni\u00f1os del Colegio La Milagrosa porque las Hijas de la Caridad y el ejemplo de vida vicenciano forman parte de nuestro d\u00eda a d\u00eda. <\/p>\n<div id=\"m_-5546722587183815800Signature\">\n<div>\n<div dir=\"ltr\">\n<div>Santa Luisa cambi\u00f3 su vida para poder prestar ayuda a los pobres, a los m\u00e1s necesitados, a todos aquellos que necesitasen apoyo. En la celebraci\u00f3n del jueves nos han contado que ella fue<b> <\/b><b>SOLIDARIA<\/b><b>, <\/b><b>AMABLE<\/b>, <b>NOBLE, <\/b><b>TRANQUILA, <\/b><b>ALEGRE<\/b>, <b>LIBRE<\/b>, <b>\u00daNICA<\/b>, <b>INTELIGENTE<\/b>, <b>SANTA<\/b> Y <b>ATENTA<\/b><b>. <\/b>Ella escuchaba a las personas que ten\u00eda a su alrededor, las comprend\u00eda y las ayudaba. <\/div>\n<div>Nosotros nos queremos parecer a Santa Luisa, y unidos queremos salvar a todas las estrellas de mar que podamos, como los ni\u00f1os de la historia. Porque JUNTOS PODEMOS HACER GRANDES COSAS.<\/div>\n<div>\u00a0<\/div>\n<div>Gracias a los ni\u00f1os de 4\u00baEP por su entrega en cada actividad y a sus familias por acompa\u00f1arnos en este d\u00eda.<\/div>\n<\/div>\n<\/div>\n<\/div>\n<p>[\/et_pb_text][et_pb_image _builder_version=\u00bb3.19.14&#8243; src=\u00bbhttps:\/\/lamilagrosapolanco.com\/wp-content\/uploads\/2019\/05\/santa-luisa-2019.jpeg\u00bb show_in_lightbox=\u00bbon\u00bb \/][\/et_pb_column][\/et_pb_row][\/et_pb_section]<\/p>\n","protected":false},"excerpt":{"rendered":"<p><div class=\"et_pb_row et_pb_row_0 et_pb_row_empty\">\n\t\t\t\t\n\t\t\t\t\n\t\t\t\t\n\t\t\t\t\n\t\t\t\t\n\t\t\t<\/div> Un a\u00f1o m\u00e1s celebramos el D\u00cdA DE SANTA LUISA DE MARILLAC. Es un d\u00eda muy importante para los ni\u00f1os del Colegio La Milagrosa porque las Hijas de la Caridad y el ejemplo de vida vicenciano forman parte de nuestro d\u00eda a d\u00eda. Santa Luisa cambi\u00f3 su vida para poder prestar ayuda a los pobres, [&hellip;]<\/p>\n","protected":false},"author":11,"featured_media":3287,"comment_status":"open","ping_status":"closed","sticky":false,"template":"","format":"standard","meta":{"_et_pb_use_builder":"on","_et_pb_old_content":"","_et_gb_content_width":"","footnotes":""},"categories":[1],"tags":[],"class_list":["post-3285","post","type-post","status-publish","format-standard","has-post-thumbnail","hentry","category-noticias"],"_links":{"self":[{"href":"https:\/\/lamilagrosapolanco.com\/index.php?rest_route=\/wp\/v2\/posts\/3285","targetHints":{"allow":["GET"]}}],"collection":[{"href":"https:\/\/lamilagrosapolanco.com\/index.php?rest_route=\/wp\/v2\/posts"}],"about":[{"href":"https:\/\/lamilagrosapolanco.com\/index.php?rest_route=\/wp\/v2\/types\/post"}],"author":[{"embeddable":true,"href":"https:\/\/lamilagrosapolanco.com\/index.php?rest_route=\/wp\/v2\/users\/11"}],"replies":[{"embeddable":true,"href":"https:\/\/lamilagrosapolanco.com\/index.php?rest_route=%2Fwp%2Fv2%2Fcomments&post=3285"}],"version-history":[{"count":3,"href":"https:\/\/lamilagrosapolanco.com\/index.php?rest_route=\/wp\/v2\/posts\/3285\/revisions"}],"predecessor-version":[{"id":3289,"href":"https:\/\/lamilagrosapolanco.com\/index.php?rest_route=\/wp\/v2\/posts\/3285\/revisions\/3289"}],"wp:featuredmedia":[{"embeddable":true,"href":"https:\/\/lamilagrosapolanco.com\/index.php?rest_route=\/wp\/v2\/media\/3287"}],"wp:attachment":[{"href":"https:\/\/lamilagrosapolanco.com\/index.php?rest_route=%2Fwp%2Fv2%2Fmedia&parent=3285"}],"wp:term":[{"taxonomy":"category","embeddable":true,"href":"https:\/\/lamilagrosapolanco.com\/index.php?rest_route=%2Fwp%2Fv2%2Fcategories&post=3285"},{"taxonomy":"post_tag","embeddable":true,"href":"https:\/\/lamilagrosapolanco.com\/index.php?rest_route=%2Fwp%2Fv2%2Ftags&post=3285"}],"curies":[{"name":"wp","href":"https:\/\/api.w.org\/{rel}","templated":true}]}}