

{"id":3244,"date":"2019-04-10T16:18:29","date_gmt":"2019-04-10T14:18:29","guid":{"rendered":"http:\/\/lamilagrosapolanco.com\/?p=3244"},"modified":"2019-04-11T18:13:19","modified_gmt":"2019-04-11T16:13:19","slug":"escolarizacion-19-20","status":"publish","type":"post","link":"https:\/\/lamilagrosapolanco.com\/?p=3244","title":{"rendered":"Escolarizaci\u00f3n 19-20"},"content":{"rendered":"<p>[et_pb_section bb_built=\u00bb1&#8243; _builder_version=\u00bb3.19.14&#8243; top_divider_style=\u00bbwaves2&#8243; top_divider_color=\u00bb#0c71c3&#8243; custom_padding=\u00bb72px||\u00bb][et_pb_row _builder_version=\u00bb3.0.48&#8243; background_size=\u00bbinitial\u00bb background_position=\u00bbtop_left\u00bb background_repeat=\u00bbrepeat\u00bb][et_pb_column type=\u00bb4_4&#8243;][et_pb_text _builder_version=\u00bb3.19.14&#8243;]<\/p>\n<div class=\"page\" title=\"Page 1\">\n<div class=\"layoutArea\">\n<div class=\"column\">\n<p>Llega el momento de elegir centro educativo para vuestros hijos. Una elecci\u00f3n importante para su proceso de crecimiento y desarrollo personal.<\/p>\n<p>Las oportunidades de hoy son la maleta que llevan para el ma\u00f1ana, y es necesario que cada ni\u00f1o se sienta acompa\u00f1ado en todo momento con el m\u00e1ximo entusiasmo para ir configurando en \u00e9l una identidad que ya est\u00e1 iniciando y que hay que hacer crecer.<\/p>\n<p>En nuestro colegio, La Milagrosa de Polanco, os ofrecemos lo mejor de nosotros mismos, un equipo competente y bien preparado, que tratar\u00e1 de favorecer un clima de acogida, reflexi\u00f3n y aprendizaje. Todo desde los valores humanos y cristianos que forman el ser vicencianos hoy. El ni\u00f1o debe ser feliz en la etapa escolar infantil, y desde experiencias positivas descubrir y desarrollar los talentos y capacidades.<\/p>\n<p>Las fechas del proceso vienen marcadas por la Consejer\u00eda, con la normativa correspondiente, y os adjuntamos el tr\u00edptico que han elaborado ellos para las familias.<\/p>\n<p>Recordaros que las solicitudes se entregan del 11 de abril hasta las 13:00 h del d\u00eda 3 de mayo, aqu\u00ed en el Colegio, con los documentos se\u00f1alados en el tr\u00edptico y en la propia solicitud (certificado de empadronamiento o proximidad del centro de trabajo, fotocopia de los DNI, del libro de Familia y Anexo II, as\u00ed como otros documentos cuando proceda).<\/p>\n<p>Para cualquier duda o aclaraci\u00f3n, siempre estamos a vuestra disposici\u00f3n en Direcci\u00f3n.<\/p>\n<p>GRACIAS POR CONFIAR EN NOSOTROS<\/p>\n<p>La Directora<\/p>\n<p>M\u00aa Carmen Barrios Rebollo<\/p>\n<\/div>\n<\/div>\n<\/div>\n<p>[\/et_pb_text][et_pb_image src=\u00bbhttps:\/\/lamilagrosapolanco.com\/wp-content\/uploads\/2019\/04\/IMG_4765.jpg\u00bb _builder_version=\u00bb3.19.14&#8243;]<\/p>\n<p>[\/et_pb_image][et_pb_image _builder_version=\u00bb3.19.14&#8243;]<\/p>\n<p>[\/et_pb_image][\/et_pb_column][\/et_pb_row][et_pb_row _builder_version=\u00bb3.0.48&#8243; background_size=\u00bbinitial\u00bb background_position=\u00bbtop_left\u00bb background_repeat=\u00bbrepeat\u00bb][et_pb_column type=\u00bb4_4&#8243;][et_pb_image _builder_version=\u00bb3.19.14&#8243; src=\u00bbhttps:\/\/lamilagrosapolanco.com\/wp-content\/uploads\/2019\/04\/triptico-ordinario-INFANTIL-Y-PRIMARIA-2019-20_page-0001.jpg\u00bb \/][et_pb_image _builder_version=\u00bb3.19.14&#8243; src=\u00bbhttps:\/\/lamilagrosapolanco.com\/wp-content\/uploads\/2019\/04\/triptico-ordinario-INFANTIL-Y-PRIMARIA-2019-20_page-0002.jpg\u00bb \/][\/et_pb_column][\/et_pb_row][\/et_pb_section]<\/p>\n","protected":false},"excerpt":{"rendered":"<p>Llega el momento de elegir centro educativo para vuestros hijos. Una elecci\u00f3n importante para su proceso de crecimiento y desarrollo personal. Las oportunidades de hoy son la maleta que llevan para el ma\u00f1ana, y es necesario que cada ni\u00f1o se sienta acompa\u00f1ado en todo momento con el m\u00e1ximo entusiasmo para ir configurando en \u00e9l una [&hellip;]<\/p>\n","protected":false},"author":11,"featured_media":3273,"comment_status":"open","ping_status":"closed","sticky":false,"template":"","format":"standard","meta":{"_et_pb_use_builder":"on","_et_pb_old_content":"","_et_gb_content_width":"","footnotes":""},"categories":[1],"tags":[],"class_list":["post-3244","post","type-post","status-publish","format-standard","has-post-thumbnail","hentry","category-noticias"],"_links":{"self":[{"href":"https:\/\/lamilagrosapolanco.com\/index.php?rest_route=\/wp\/v2\/posts\/3244","targetHints":{"allow":["GET"]}}],"collection":[{"href":"https:\/\/lamilagrosapolanco.com\/index.php?rest_route=\/wp\/v2\/posts"}],"about":[{"href":"https:\/\/lamilagrosapolanco.com\/index.php?rest_route=\/wp\/v2\/types\/post"}],"author":[{"embeddable":true,"href":"https:\/\/lamilagrosapolanco.com\/index.php?rest_route=\/wp\/v2\/users\/11"}],"replies":[{"embeddable":true,"href":"https:\/\/lamilagrosapolanco.com\/index.php?rest_route=%2Fwp%2Fv2%2Fcomments&post=3244"}],"version-history":[{"count":7,"href":"https:\/\/lamilagrosapolanco.com\/index.php?rest_route=\/wp\/v2\/posts\/3244\/revisions"}],"predecessor-version":[{"id":3274,"href":"https:\/\/lamilagrosapolanco.com\/index.php?rest_route=\/wp\/v2\/posts\/3244\/revisions\/3274"}],"wp:featuredmedia":[{"embeddable":true,"href":"https:\/\/lamilagrosapolanco.com\/index.php?rest_route=\/wp\/v2\/media\/3273"}],"wp:attachment":[{"href":"https:\/\/lamilagrosapolanco.com\/index.php?rest_route=%2Fwp%2Fv2%2Fmedia&parent=3244"}],"wp:term":[{"taxonomy":"category","embeddable":true,"href":"https:\/\/lamilagrosapolanco.com\/index.php?rest_route=%2Fwp%2Fv2%2Fcategories&post=3244"},{"taxonomy":"post_tag","embeddable":true,"href":"https:\/\/lamilagrosapolanco.com\/index.php?rest_route=%2Fwp%2Fv2%2Ftags&post=3244"}],"curies":[{"name":"wp","href":"https:\/\/api.w.org\/{rel}","templated":true}]}}