

{"id":3214,"date":"2019-03-07T14:01:29","date_gmt":"2019-03-07T13:01:29","guid":{"rendered":"http:\/\/lamilagrosapolanco.com\/?p=3214"},"modified":"2019-03-07T14:01:29","modified_gmt":"2019-03-07T13:01:29","slug":"celebracion-del-miercoles-de-ceniza-2019","status":"publish","type":"post","link":"https:\/\/lamilagrosapolanco.com\/?p=3214","title":{"rendered":"Celebraci\u00f3n del \u00abMi\u00e9rcoles de ceniza\u00bb, 2019"},"content":{"rendered":"<p>[et_pb_section bb_built=\u00bb1&#8243;][et_pb_row][et_pb_column type=\u00bb4_4&#8243;][et_pb_text _builder_version=\u00bb3.19.14&#8243;]<\/p>\n<p>Los alumnos de 1\u00ba y 2\u00ba de primaria prepararon la celebraci\u00f3n del \u201cMi\u00e9rcoles de Ceniza\u201d para todos los compa\u00f1eros del colegio. En ella nos contaron lo que significa la palabra \u201cCuaresma\u201d (tiempo que llega hasta la Semana Santa) cantando y bailando la canci\u00f3n titulada \u201c40 d\u00edas caminando\u201d.<\/p>\n<p>Adem\u00e1s, mediante un m\u00f3vil muy grande representaron las actualizaciones m\u00e1s importantes, como la conversi\u00f3n, el perd\u00f3n, la esperanza\u2026 necesarias para llegar a la Semana Santa con nuestro coraz\u00f3n preparado.<\/p>\n<p>La celebraci\u00f3n finaliz\u00f3 con la imposici\u00f3n de la ceniza para todos los que somos amigos de Jes\u00fas.<\/p>\n<p>[\/et_pb_text][et_pb_gallery _builder_version=\u00bb3.19.14&#8243; show_title_and_caption=\u00bboff\u00bb fullwidth=\u00bbon\u00bb hover_overlay_color=\u00bbrgba(255,255,255,0.9)\u00bb gallery_ids=\u00bb3215,3216,3217,3218,3219,3220,3221,3222,3223,3225,3226,3227,3228,3229,3230,3231,3232&#8243; \/][\/et_pb_column][\/et_pb_row][\/et_pb_section]<\/p>\n","protected":false},"excerpt":{"rendered":"<p><div class=\"et_pb_row et_pb_row_0 et_pb_row_empty\">\n\t\t\t\t\n\t\t\t\t\n\t\t\t\t\n\t\t\t\t\n\t\t\t\t\n\t\t\t<\/div> Los alumnos de 1\u00ba y 2\u00ba de primaria prepararon la celebraci\u00f3n del \u201cMi\u00e9rcoles de Ceniza\u201d para todos los compa\u00f1eros del colegio. En ella nos contaron lo que significa la palabra \u201cCuaresma\u201d (tiempo que llega hasta la Semana Santa) cantando y bailando la canci\u00f3n titulada \u201c40 d\u00edas caminando\u201d.Adem\u00e1s, mediante un m\u00f3vil muy grande representaron las [&hellip;]<\/p>\n","protected":false},"author":11,"featured_media":3221,"comment_status":"open","ping_status":"closed","sticky":false,"template":"","format":"standard","meta":{"_et_pb_use_builder":"on","_et_pb_old_content":"","_et_gb_content_width":"","footnotes":""},"categories":[1],"tags":[],"class_list":["post-3214","post","type-post","status-publish","format-standard","has-post-thumbnail","hentry","category-noticias"],"_links":{"self":[{"href":"https:\/\/lamilagrosapolanco.com\/index.php?rest_route=\/wp\/v2\/posts\/3214","targetHints":{"allow":["GET"]}}],"collection":[{"href":"https:\/\/lamilagrosapolanco.com\/index.php?rest_route=\/wp\/v2\/posts"}],"about":[{"href":"https:\/\/lamilagrosapolanco.com\/index.php?rest_route=\/wp\/v2\/types\/post"}],"author":[{"embeddable":true,"href":"https:\/\/lamilagrosapolanco.com\/index.php?rest_route=\/wp\/v2\/users\/11"}],"replies":[{"embeddable":true,"href":"https:\/\/lamilagrosapolanco.com\/index.php?rest_route=%2Fwp%2Fv2%2Fcomments&post=3214"}],"version-history":[{"count":2,"href":"https:\/\/lamilagrosapolanco.com\/index.php?rest_route=\/wp\/v2\/posts\/3214\/revisions"}],"predecessor-version":[{"id":3234,"href":"https:\/\/lamilagrosapolanco.com\/index.php?rest_route=\/wp\/v2\/posts\/3214\/revisions\/3234"}],"wp:featuredmedia":[{"embeddable":true,"href":"https:\/\/lamilagrosapolanco.com\/index.php?rest_route=\/wp\/v2\/media\/3221"}],"wp:attachment":[{"href":"https:\/\/lamilagrosapolanco.com\/index.php?rest_route=%2Fwp%2Fv2%2Fmedia&parent=3214"}],"wp:term":[{"taxonomy":"category","embeddable":true,"href":"https:\/\/lamilagrosapolanco.com\/index.php?rest_route=%2Fwp%2Fv2%2Fcategories&post=3214"},{"taxonomy":"post_tag","embeddable":true,"href":"https:\/\/lamilagrosapolanco.com\/index.php?rest_route=%2Fwp%2Fv2%2Ftags&post=3214"}],"curies":[{"name":"wp","href":"https:\/\/api.w.org\/{rel}","templated":true}]}}