

{"id":3184,"date":"2019-02-19T17:12:50","date_gmt":"2019-02-19T16:12:50","guid":{"rendered":"http:\/\/lamilagrosapolanco.com\/?p=3184"},"modified":"2019-02-19T17:14:25","modified_gmt":"2019-02-19T16:14:25","slug":"dia-de-las-letras-de-cantabria-2019","status":"publish","type":"post","link":"https:\/\/lamilagrosapolanco.com\/?p=3184","title":{"rendered":"D\u00eda de las Letras de Cantabria 2019"},"content":{"rendered":"<p>[et_pb_section fb_built=\u00bb1&#8243; _builder_version=\u00bb3.19.14&#8243; top_divider_style=\u00bbarrow3&#8243; top_divider_color=\u00bb#0c71c3&#8243; custom_margin=\u00bb10px||\u00bb custom_padding=\u00bb90px||\u00bb][et_pb_row _builder_version=\u00bb3.0.48&#8243; background_size=\u00bbinitial\u00bb background_position=\u00bbtop_left\u00bb background_repeat=\u00bbrepeat\u00bb][et_pb_column type=\u00bb4_4&#8243; _builder_version=\u00bb3.0.47&#8243;][et_pb_text _builder_version=\u00bb3.19.14&#8243;]<\/p>\n<div>A los ni\u00f1os del Colegio La Milagrosa nos encanta leer y aprovechamos cada oportunidad que tenemos para hacerlo. En esta ocasi\u00f3n nos hemos reunido con motivo del D\u00eda de las Letras de Cantabria. Son muchos los autores c\u00e1ntabros trabajados a lo largo de los a\u00f1os, este curso hemos optado por contar la historia del Flautista de Hamelin. Hemos podido ver un traje t\u00edpico campurriano de chica, con sus albarcas, su faltriquera, el justillo, la falda&#8230;; y el de chico, con la montera, el chaleco, la camisa, la montera&#8230;<\/div>\n<div>\u00a0<\/div>\n<div>Para finalizar el acto los alumnos y alumnas de 4\u00baEP nos han cantado como una aut\u00e9ntica ronda \u00abAs\u00f3mate a la Ventana\u00bb. Tenemos una gran riqueza cultural en nuestra regi\u00f3n; nosotros lo sabemos y queremos compartirla con vosotros. Dentro de unos d\u00edas podr\u00e9is ver a los alumnos y alumnas de 5\u00baEP y 6\u00baEP cantando las marzas por Polanco.<\/div>\n<p>[\/et_pb_text][et_pb_video src=\u00bbhttps:\/\/vimeo.com\/318238795&#8243; image_src=\u00bb\/\/i.vimeocdn.com\/video\/760598560_960.jpg\u00bb _builder_version=\u00bb3.19.14&#8243;][\/et_pb_video][\/et_pb_column][\/et_pb_row][\/et_pb_section]<\/p>\n","protected":false},"excerpt":{"rendered":"<p>A los ni\u00f1os del Colegio La Milagrosa nos encanta leer y aprovechamos cada oportunidad que tenemos para hacerlo. En esta ocasi\u00f3n nos hemos reunido con motivo del D\u00eda de las Letras de Cantabria. Son muchos los autores c\u00e1ntabros trabajados a lo largo de los a\u00f1os, este curso hemos optado por contar la historia del Flautista [&hellip;]<\/p>\n","protected":false},"author":11,"featured_media":3186,"comment_status":"open","ping_status":"closed","sticky":false,"template":"","format":"standard","meta":{"_et_pb_use_builder":"on","_et_pb_old_content":"","_et_gb_content_width":"","footnotes":""},"categories":[1],"tags":[],"class_list":["post-3184","post","type-post","status-publish","format-standard","has-post-thumbnail","hentry","category-noticias"],"_links":{"self":[{"href":"https:\/\/lamilagrosapolanco.com\/index.php?rest_route=\/wp\/v2\/posts\/3184","targetHints":{"allow":["GET"]}}],"collection":[{"href":"https:\/\/lamilagrosapolanco.com\/index.php?rest_route=\/wp\/v2\/posts"}],"about":[{"href":"https:\/\/lamilagrosapolanco.com\/index.php?rest_route=\/wp\/v2\/types\/post"}],"author":[{"embeddable":true,"href":"https:\/\/lamilagrosapolanco.com\/index.php?rest_route=\/wp\/v2\/users\/11"}],"replies":[{"embeddable":true,"href":"https:\/\/lamilagrosapolanco.com\/index.php?rest_route=%2Fwp%2Fv2%2Fcomments&post=3184"}],"version-history":[{"count":3,"href":"https:\/\/lamilagrosapolanco.com\/index.php?rest_route=\/wp\/v2\/posts\/3184\/revisions"}],"predecessor-version":[{"id":3190,"href":"https:\/\/lamilagrosapolanco.com\/index.php?rest_route=\/wp\/v2\/posts\/3184\/revisions\/3190"}],"wp:featuredmedia":[{"embeddable":true,"href":"https:\/\/lamilagrosapolanco.com\/index.php?rest_route=\/wp\/v2\/media\/3186"}],"wp:attachment":[{"href":"https:\/\/lamilagrosapolanco.com\/index.php?rest_route=%2Fwp%2Fv2%2Fmedia&parent=3184"}],"wp:term":[{"taxonomy":"category","embeddable":true,"href":"https:\/\/lamilagrosapolanco.com\/index.php?rest_route=%2Fwp%2Fv2%2Fcategories&post=3184"},{"taxonomy":"post_tag","embeddable":true,"href":"https:\/\/lamilagrosapolanco.com\/index.php?rest_route=%2Fwp%2Fv2%2Ftags&post=3184"}],"curies":[{"name":"wp","href":"https:\/\/api.w.org\/{rel}","templated":true}]}}