

{"id":3167,"date":"2019-01-30T14:12:23","date_gmt":"2019-01-30T13:12:23","guid":{"rendered":"http:\/\/lamilagrosapolanco.com\/?p=3167"},"modified":"2019-01-31T10:56:42","modified_gmt":"2019-01-31T09:56:42","slug":"dia-de-la-paz-2019","status":"publish","type":"post","link":"https:\/\/lamilagrosapolanco.com\/?p=3167","title":{"rendered":"Dia de la PAZ, 2019"},"content":{"rendered":"<p>[et_pb_section fb_built=\u00bb1&#8243; _builder_version=\u00bb3.19.5&#8243;][et_pb_row _builder_version=\u00bb3.19.5&#8243;][et_pb_column type=\u00bb4_4&#8243; _builder_version=\u00bb3.19.5&#8243; parallax=\u00bboff\u00bb parallax_method=\u00bbon\u00bb][et_pb_text _builder_version=\u00bb3.19.5&#8243;]<\/p>\n<p>Adem\u00e1s de trabajar a lo largo de toda la semana en las diversas aulas con narraciones, citas b\u00edblicas,\u00a0 dibujos, cantos de la paz,\u2026 celebramos en el polideportivo del colegio, \u00a0 junto a algunos de los representantes del Ayuntamiento y familiares que nos han acompa\u00f1ado.<\/p>\n<p>[\/et_pb_text][et_pb_image src=\u00bbhttps:\/\/lamilagrosapolanco.com\/wp-content\/uploads\/2019\/01\/IMG_2911.jpg\u00bb show_in_lightbox=\u00bbon\u00bb _builder_version=\u00bb3.19.5&#8243;][\/et_pb_image][et_pb_divider _builder_version=\u00bb3.19.5&#8243;][\/et_pb_divider][et_pb_text _builder_version=\u00bb3.19.5&#8243;]<\/p>\n<p><strong>Como cada a\u00f1o, desde 1964, el d\u00eda 30 de enero se celebra el D\u00eda Escolar de la No violencia y la Paz en conmemoraci\u00f3n del d\u00eda de la muerte de Gandhi, (30 de enero de 1948), uno de los defensores de la no violencia en la soluci\u00f3n de los conflictos. Su mensaje es muy claro: \u201cLa paz es mejor que la guerra. No hay caminos para la paz, la paz es el camino\u201d.<\/strong><\/p>\n<p><strong>Este a\u00f1o el lema que preside esta celebraci\u00f3n es: \u00abSo\u00f1amos con un mundo nuevo\u00bb. Cada curso ha preparado diferentes actos y actividades que hemos englobado en un d\u00eda encabezado por la alcaldesa de nuestro municipio, Rosa Diaz y, la directora del centro educativo, S. Carmen Barrios. Al finalizar el acto, los alumnos y alumnas de 6\u00ba de primaria han procedido al lanzamiento simb\u00f3lico de palomas de la PAZ.<\/strong><\/p>\n<p>[\/et_pb_text][\/et_pb_column][\/et_pb_row][\/et_pb_section]<\/p>\n","protected":false},"excerpt":{"rendered":"<p>Adem\u00e1s de trabajar a lo largo de toda la semana en las diversas aulas con narraciones, citas b\u00edblicas,\u00a0 dibujos, cantos de la paz,\u2026 celebramos en el polideportivo del colegio, \u00a0 junto a algunos de los representantes del Ayuntamiento y familiares que nos han acompa\u00f1ado.Como cada a\u00f1o, desde 1964, el d\u00eda 30 de enero se celebra [&hellip;]<\/p>\n","protected":false},"author":11,"featured_media":3170,"comment_status":"open","ping_status":"closed","sticky":false,"template":"","format":"standard","meta":{"_et_pb_use_builder":"on","_et_pb_old_content":"","_et_gb_content_width":"","footnotes":""},"categories":[1],"tags":[],"class_list":["post-3167","post","type-post","status-publish","format-standard","has-post-thumbnail","hentry","category-noticias"],"_links":{"self":[{"href":"https:\/\/lamilagrosapolanco.com\/index.php?rest_route=\/wp\/v2\/posts\/3167","targetHints":{"allow":["GET"]}}],"collection":[{"href":"https:\/\/lamilagrosapolanco.com\/index.php?rest_route=\/wp\/v2\/posts"}],"about":[{"href":"https:\/\/lamilagrosapolanco.com\/index.php?rest_route=\/wp\/v2\/types\/post"}],"author":[{"embeddable":true,"href":"https:\/\/lamilagrosapolanco.com\/index.php?rest_route=\/wp\/v2\/users\/11"}],"replies":[{"embeddable":true,"href":"https:\/\/lamilagrosapolanco.com\/index.php?rest_route=%2Fwp%2Fv2%2Fcomments&post=3167"}],"version-history":[{"count":5,"href":"https:\/\/lamilagrosapolanco.com\/index.php?rest_route=\/wp\/v2\/posts\/3167\/revisions"}],"predecessor-version":[{"id":3173,"href":"https:\/\/lamilagrosapolanco.com\/index.php?rest_route=\/wp\/v2\/posts\/3167\/revisions\/3173"}],"wp:featuredmedia":[{"embeddable":true,"href":"https:\/\/lamilagrosapolanco.com\/index.php?rest_route=\/wp\/v2\/media\/3170"}],"wp:attachment":[{"href":"https:\/\/lamilagrosapolanco.com\/index.php?rest_route=%2Fwp%2Fv2%2Fmedia&parent=3167"}],"wp:term":[{"taxonomy":"category","embeddable":true,"href":"https:\/\/lamilagrosapolanco.com\/index.php?rest_route=%2Fwp%2Fv2%2Fcategories&post=3167"},{"taxonomy":"post_tag","embeddable":true,"href":"https:\/\/lamilagrosapolanco.com\/index.php?rest_route=%2Fwp%2Fv2%2Ftags&post=3167"}],"curies":[{"name":"wp","href":"https:\/\/api.w.org\/{rel}","templated":true}]}}