

{"id":3148,"date":"2019-01-25T14:10:28","date_gmt":"2019-01-25T13:10:28","guid":{"rendered":"http:\/\/lamilagrosapolanco.com\/?p=3148"},"modified":"2019-01-25T14:10:33","modified_gmt":"2019-01-25T13:10:33","slug":"celebramos-en-el-colegio-la-jornada-de-la-infancia-misionera","status":"publish","type":"post","link":"https:\/\/lamilagrosapolanco.com\/?p=3148","title":{"rendered":"\u00a1Celebramos en el colegio la jornada de la infancia misionera!"},"content":{"rendered":"<p>[et_pb_section fb_built=\u00bb1&#8243; inner_shadow=\u00bbon\u00bb prev_background_color=\u00bb#ffffff\u00bb _builder_version=\u00bb3.19.5&#8243; use_background_color_gradient=\u00bbon\u00bb background_color_gradient_start=\u00bb#ffffff\u00bb background_color_gradient_end=\u00bb#0c71c3&#8243; top_divider_style=\u00bbarrow2&#8243;][et_pb_row _builder_version=\u00bb3.19.5&#8243;][et_pb_column type=\u00bb4_4&#8243; _builder_version=\u00bb3.19.5&#8243;][et_pb_text _builder_version=\u00bb3.19.5&#8243;]Hoy, viernes 25 de enero, hemos celebrado todos juntos en la capilla la jornada de infancia misionera. En esta ocasi\u00f3n, nuestros compa\u00f1eros de 3\u00ba de primaria, nos han preparado la celebraci\u00f3n, os dejamos unas fotos, y estad atentos a nuestras redes sociales, porque os ense\u00f1aremos alguna m\u00e1s.[\/et_pb_text][\/et_pb_column][\/et_pb_row][et_pb_row _builder_version=\u00bb3.19.5&#8243;][et_pb_column type=\u00bb4_4&#8243; _builder_version=\u00bb3.19.5&#8243;][et_pb_image src=\u00bbhttps:\/\/lamilagrosapolanco.com\/wp-content\/uploads\/2019\/01\/IMG_2827.jpg\u00bb _builder_version=\u00bb3.19.5&#8243;][\/et_pb_image][\/et_pb_column][\/et_pb_row][\/et_pb_section]<\/p>\n","protected":false},"excerpt":{"rendered":"<p>Hoy, viernes 25 de enero, hemos celebrado todos juntos en la capilla la jornada de infancia misionera. En esta ocasi\u00f3n, nuestros compa\u00f1eros de 3\u00ba de primaria, nos han preparado la celebraci\u00f3n, os dejamos unas fotos, y estad atentos a nuestras redes sociales, porque os ense\u00f1aremos alguna m\u00e1s.<\/p>\n","protected":false},"author":11,"featured_media":3149,"comment_status":"open","ping_status":"closed","sticky":false,"template":"","format":"standard","meta":{"_et_pb_use_builder":"on","_et_pb_old_content":"","_et_gb_content_width":"","footnotes":""},"categories":[1],"tags":[],"class_list":["post-3148","post","type-post","status-publish","format-standard","has-post-thumbnail","hentry","category-noticias"],"_links":{"self":[{"href":"https:\/\/lamilagrosapolanco.com\/index.php?rest_route=\/wp\/v2\/posts\/3148","targetHints":{"allow":["GET"]}}],"collection":[{"href":"https:\/\/lamilagrosapolanco.com\/index.php?rest_route=\/wp\/v2\/posts"}],"about":[{"href":"https:\/\/lamilagrosapolanco.com\/index.php?rest_route=\/wp\/v2\/types\/post"}],"author":[{"embeddable":true,"href":"https:\/\/lamilagrosapolanco.com\/index.php?rest_route=\/wp\/v2\/users\/11"}],"replies":[{"embeddable":true,"href":"https:\/\/lamilagrosapolanco.com\/index.php?rest_route=%2Fwp%2Fv2%2Fcomments&post=3148"}],"version-history":[{"count":10,"href":"https:\/\/lamilagrosapolanco.com\/index.php?rest_route=\/wp\/v2\/posts\/3148\/revisions"}],"predecessor-version":[{"id":3165,"href":"https:\/\/lamilagrosapolanco.com\/index.php?rest_route=\/wp\/v2\/posts\/3148\/revisions\/3165"}],"wp:featuredmedia":[{"embeddable":true,"href":"https:\/\/lamilagrosapolanco.com\/index.php?rest_route=\/wp\/v2\/media\/3149"}],"wp:attachment":[{"href":"https:\/\/lamilagrosapolanco.com\/index.php?rest_route=%2Fwp%2Fv2%2Fmedia&parent=3148"}],"wp:term":[{"taxonomy":"category","embeddable":true,"href":"https:\/\/lamilagrosapolanco.com\/index.php?rest_route=%2Fwp%2Fv2%2Fcategories&post=3148"},{"taxonomy":"post_tag","embeddable":true,"href":"https:\/\/lamilagrosapolanco.com\/index.php?rest_route=%2Fwp%2Fv2%2Ftags&post=3148"}],"curies":[{"name":"wp","href":"https:\/\/api.w.org\/{rel}","templated":true}]}}