

{"id":3059,"date":"2018-11-23T12:42:02","date_gmt":"2018-11-23T11:42:02","guid":{"rendered":"http:\/\/lamilagrosapolanco.com\/?p=3059"},"modified":"2018-11-23T12:42:02","modified_gmt":"2018-11-23T11:42:02","slug":"firma-del-contrato-programa-de-proyectos-integrados-de-innovacion-educativa-piie","status":"publish","type":"post","link":"https:\/\/lamilagrosapolanco.com\/?p=3059","title":{"rendered":"Firma del contrato, programa de Proyectos Integrados de Innovaci\u00f3n Educativa (PIIE)"},"content":{"rendered":"<p>[et_pb_section bb_built=\u00bb1&#8243;][et_pb_row][et_pb_column type=\u00bb4_4&#8243;][et_pb_text _builder_version=\u00bb3.17.6&#8243;]<\/p>\n<h6>El pasado mi\u00e9rcoles, 21 de noviembre, en el sal\u00f3n de actos de la 3\u00aa planta de la Consejer\u00eda de Educaci\u00f3n, convocada por M\u00aaIsabel Fern\u00e1ndez Guti\u00e9rrez, directora general de innovaci\u00f3n aci\u00f3n y centros educativos, nuestra directora, M\u00aa Carmen Barrios Rebollo, procedi\u00f3 a firmar en nombre del Colegio, el contrato que nos hace oficialmente miembros del programa \u00abProyectos integrados de innovaci\u00f3n educativa\u00bb PIIE. Seguiremos durante los pr\u00f3ximos 3 a\u00f1os desarrollando el PIIE \u00abRadio 8, La Milagrosa\u00bb.<\/h6>\n<p>[\/et_pb_text][et_pb_image _builder_version=\u00bb3.17.6&#8243; src=\u00bbhttps:\/\/lamilagrosapolanco.com\/wp-content\/uploads\/2018\/11\/FIRMA-CONTRATO-PIIE-21-11-2018.jpg\u00bb show_in_lightbox=\u00bbon\u00bb \/][\/et_pb_column][\/et_pb_row][\/et_pb_section]<\/p>\n","protected":false},"excerpt":{"rendered":"<p><div class=\"et_pb_row et_pb_row_0 et_pb_row_empty\">\n\t\t\t\t\n\t\t\t\t\n\t\t\t\t\n\t\t\t\t\n\t\t\t\t\n\t\t\t<\/div> El pasado mi\u00e9rcoles, 21 de noviembre, en el sal\u00f3n de actos de la 3\u00aa planta de la Consejer\u00eda de Educaci\u00f3n, convocada por M\u00aaIsabel Fern\u00e1ndez Guti\u00e9rrez, directora general de innovaci\u00f3n aci\u00f3n y centros educativos, nuestra directora, M\u00aa Carmen Barrios Rebollo, procedi\u00f3 a firmar en nombre del Colegio, el contrato que nos hace oficialmente miembros del [&hellip;]<\/p>\n","protected":false},"author":11,"featured_media":3062,"comment_status":"open","ping_status":"closed","sticky":false,"template":"","format":"standard","meta":{"_et_pb_use_builder":"on","_et_pb_old_content":"","_et_gb_content_width":"","footnotes":""},"categories":[1],"tags":[],"class_list":["post-3059","post","type-post","status-publish","format-standard","has-post-thumbnail","hentry","category-noticias"],"_links":{"self":[{"href":"https:\/\/lamilagrosapolanco.com\/index.php?rest_route=\/wp\/v2\/posts\/3059","targetHints":{"allow":["GET"]}}],"collection":[{"href":"https:\/\/lamilagrosapolanco.com\/index.php?rest_route=\/wp\/v2\/posts"}],"about":[{"href":"https:\/\/lamilagrosapolanco.com\/index.php?rest_route=\/wp\/v2\/types\/post"}],"author":[{"embeddable":true,"href":"https:\/\/lamilagrosapolanco.com\/index.php?rest_route=\/wp\/v2\/users\/11"}],"replies":[{"embeddable":true,"href":"https:\/\/lamilagrosapolanco.com\/index.php?rest_route=%2Fwp%2Fv2%2Fcomments&post=3059"}],"version-history":[{"count":1,"href":"https:\/\/lamilagrosapolanco.com\/index.php?rest_route=\/wp\/v2\/posts\/3059\/revisions"}],"predecessor-version":[{"id":3061,"href":"https:\/\/lamilagrosapolanco.com\/index.php?rest_route=\/wp\/v2\/posts\/3059\/revisions\/3061"}],"wp:featuredmedia":[{"embeddable":true,"href":"https:\/\/lamilagrosapolanco.com\/index.php?rest_route=\/wp\/v2\/media\/3062"}],"wp:attachment":[{"href":"https:\/\/lamilagrosapolanco.com\/index.php?rest_route=%2Fwp%2Fv2%2Fmedia&parent=3059"}],"wp:term":[{"taxonomy":"category","embeddable":true,"href":"https:\/\/lamilagrosapolanco.com\/index.php?rest_route=%2Fwp%2Fv2%2Fcategories&post=3059"},{"taxonomy":"post_tag","embeddable":true,"href":"https:\/\/lamilagrosapolanco.com\/index.php?rest_route=%2Fwp%2Fv2%2Ftags&post=3059"}],"curies":[{"name":"wp","href":"https:\/\/api.w.org\/{rel}","templated":true}]}}