

{"id":2667,"date":"2018-09-10T12:32:33","date_gmt":"2018-09-10T10:32:33","guid":{"rendered":"http:\/\/lamilagrosapolanco.com\/?p=2667"},"modified":"2018-09-10T22:53:34","modified_gmt":"2018-09-10T20:53:34","slug":"bienvenidos-al-curso-2018-2019","status":"publish","type":"post","link":"https:\/\/lamilagrosapolanco.com\/?p=2667","title":{"rendered":"Objetivo 2018-2019, Esperanza"},"content":{"rendered":"<p>[et_pb_section bb_built=\u00bb1&#8243; _builder_version=\u00bb3.14&#8243; box_shadow_style=\u00bbpreset4&#8243; top_divider_style=\u00bbslant\u00bb top_divider_color=\u00bb#000000&#8243; custom_padding=\u00bb39px||0px|\u00bb bottom_divider_style=\u00bbasymmetric3&#8243;][et_pb_row _builder_version=\u00bb3.0.48&#8243; background_size=\u00bbinitial\u00bb background_position=\u00bbtop_left\u00bb background_repeat=\u00bbrepeat\u00bb][et_pb_column type=\u00bb4_4&#8243;][et_pb_post_title meta=\u00bboff\u00bb featured_image=\u00bboff\u00bb _builder_version=\u00bb3.14&#8243;]<\/p>\n<p>&nbsp;<\/p>\n<p>[\/et_pb_post_title][\/et_pb_column][\/et_pb_row][et_pb_row _builder_version=\u00bb3.0.48&#8243; background_size=\u00bbinitial\u00bb background_position=\u00bbtop_left\u00bb background_repeat=\u00bbrepeat\u00bb][et_pb_column type=\u00bb1_2&#8243;][et_pb_divider _builder_version=\u00bb3.14&#8243; use_background_color_gradient=\u00bbon\u00bb \/][et_pb_text _builder_version=\u00bb3.14&#8243;]<\/p>\n<p>Os damos a todos la bienvenida al curso 2018-2019, aprovechamos la ocasi\u00f3n para presentaros el objetivo general de este curso, la esperanza.<\/p>\n<p>Como ya sabr\u00e9is, este a\u00f1o hay algunas modificaciones en el calendario escolar (al final de la p\u00e1gina os dejamos una copia), este curso, la jornada reducida pasa a ser de 4 horas, las dos primeras semanas de septiembre, (recordad entonces que el d\u00eda 21 el horario pasa a ser de jornada completa), y la \u00faltima semana de junio.<\/p>\n<p>[\/et_pb_text][et_pb_text _builder_version=\u00bb3.14&#8243;]<\/p>\n<p><strong><a href=\"http:\/\/www.educantabria.es\/docs\/2018\/julio-agosto-septiembre\/Calendario_escolar_1819.pdf\">Pinchando aqu\u00ed puedes descargarte el pdf del calendario<\/a><\/strong><\/p>\n<p>[\/et_pb_text][\/et_pb_column][et_pb_column type=\u00bb1_2&#8243;][et_pb_image src=\u00bbhttps:\/\/lamilagrosapolanco.com\/wp-content\/uploads\/2018\/09\/esperanza-palabras-coraz\u00f3n.png\u00bb show_in_lightbox=\u00bbon\u00bb _builder_version=\u00bb3.14&#8243;]<\/p>\n<p>&nbsp;<\/p>\n<p>[\/et_pb_image][\/et_pb_column][\/et_pb_row][et_pb_row _builder_version=\u00bb3.0.48&#8243; background_size=\u00bbinitial\u00bb background_position=\u00bbtop_left\u00bb background_repeat=\u00bbrepeat\u00bb][et_pb_column type=\u00bb4_4&#8243;][et_pb_image src=\u00bbhttps:\/\/lamilagrosapolanco.com\/wp-content\/uploads\/2018\/09\/Calendario_escolar_1819.pdf\u00bb show_in_lightbox=\u00bbon\u00bb align=\u00bbcenter\u00bb _builder_version=\u00bb3.14&#8243;]<\/p>\n<p>&nbsp;<\/p>\n<p>[\/et_pb_image][\/et_pb_column][\/et_pb_row][\/et_pb_section]<\/p>\n","protected":false},"excerpt":{"rendered":"<p>&nbsp; Os damos a todos la bienvenida al curso 2018-2019, aprovechamos la ocasi\u00f3n para presentaros el objetivo general de este curso, la esperanza. Como ya sabr\u00e9is, este a\u00f1o hay algunas modificaciones en el calendario escolar (al final de la p\u00e1gina os dejamos una copia), este curso, la jornada reducida pasa a ser de 4 horas, [&hellip;]<\/p>\n","protected":false},"author":11,"featured_media":2668,"comment_status":"open","ping_status":"closed","sticky":false,"template":"","format":"standard","meta":{"_et_pb_use_builder":"on","_et_pb_old_content":"<p>[et_pb_section bb_built=\"1\"][et_pb_row][\/et_pb_row][\/et_pb_section]<\/p>","_et_gb_content_width":"","footnotes":""},"categories":[1],"tags":[22],"class_list":["post-2667","post","type-post","status-publish","format-standard","has-post-thumbnail","hentry","category-noticias","tag-noticias"],"_links":{"self":[{"href":"https:\/\/lamilagrosapolanco.com\/index.php?rest_route=\/wp\/v2\/posts\/2667","targetHints":{"allow":["GET"]}}],"collection":[{"href":"https:\/\/lamilagrosapolanco.com\/index.php?rest_route=\/wp\/v2\/posts"}],"about":[{"href":"https:\/\/lamilagrosapolanco.com\/index.php?rest_route=\/wp\/v2\/types\/post"}],"author":[{"embeddable":true,"href":"https:\/\/lamilagrosapolanco.com\/index.php?rest_route=\/wp\/v2\/users\/11"}],"replies":[{"embeddable":true,"href":"https:\/\/lamilagrosapolanco.com\/index.php?rest_route=%2Fwp%2Fv2%2Fcomments&post=2667"}],"version-history":[{"count":10,"href":"https:\/\/lamilagrosapolanco.com\/index.php?rest_route=\/wp\/v2\/posts\/2667\/revisions"}],"predecessor-version":[{"id":2685,"href":"https:\/\/lamilagrosapolanco.com\/index.php?rest_route=\/wp\/v2\/posts\/2667\/revisions\/2685"}],"wp:featuredmedia":[{"embeddable":true,"href":"https:\/\/lamilagrosapolanco.com\/index.php?rest_route=\/wp\/v2\/media\/2668"}],"wp:attachment":[{"href":"https:\/\/lamilagrosapolanco.com\/index.php?rest_route=%2Fwp%2Fv2%2Fmedia&parent=2667"}],"wp:term":[{"taxonomy":"category","embeddable":true,"href":"https:\/\/lamilagrosapolanco.com\/index.php?rest_route=%2Fwp%2Fv2%2Fcategories&post=2667"},{"taxonomy":"post_tag","embeddable":true,"href":"https:\/\/lamilagrosapolanco.com\/index.php?rest_route=%2Fwp%2Fv2%2Ftags&post=2667"}],"curies":[{"name":"wp","href":"https:\/\/api.w.org\/{rel}","templated":true}]}}