

{"id":2464,"date":"2018-05-24T16:29:05","date_gmt":"2018-05-24T14:29:05","guid":{"rendered":"http:\/\/lamilagrosapolanco.com\/?p=2464"},"modified":"2018-05-29T14:20:21","modified_gmt":"2018-05-29T12:20:21","slug":"__trashed-3","status":"publish","type":"post","link":"https:\/\/lamilagrosapolanco.com\/?p=2464","title":{"rendered":"VI d\u00eda internacional de fascinaci\u00f3n por las plantas"},"content":{"rendered":"<p>[et_pb_section bb_built=\u00bb1&#8243; admin_label=\u00bbHero\u00bb fullwidth=\u00bbon\u00bb disabled_on=\u00bboff|off|off\u00bb _builder_version=\u00bb3.2.2&#8243; background_color=\u00bb#dddddd\u00bb parallax=\u00bbon\u00bb custom_padding=\u00bb|||\u00bb transparent_background=\u00bbon\u00bb next_background_color=\u00bb#ffffff\u00bb][et_pb_fullwidth_header title=\u00bbFascination of Plants Day, May 18th 2018&#8243; text_orientation=\u00bbcenter\u00bb header_fullscreen=\u00bbon\u00bb header_scroll_down=\u00bbon\u00bb scroll_down_icon=\u00bb%%0%%\u00bb scroll_down_icon_color=\u00bb#ffffff\u00bb scroll_down_icon_size=\u00bb32px\u00bb background_overlay_color=\u00bbrgba(31,31,31,0.8)\u00bb subhead_font_color=\u00bb#bebebe\u00bb _builder_version=\u00bb3.2.2&#8243; title_font=\u00bbPlayfair Display||||\u00bb title_text_color=\u00bb#ffffff\u00bb title_font_size=\u00bb72px\u00bb title_line_height=\u00bb1.3em\u00bb title_line_height_last_edited=\u00bboff|desktop\u00bb content_font=\u00bbMontserrat||||\u00bb content_text_color=\u00bb#bfbfbf\u00bb content_font_size=\u00bb19px\u00bb content_line_height=\u00bb1.8em\u00bb subhead_font=\u00bbMontserrat||||\u00bb subhead_text_color=\u00bb#bebebe\u00bb subhead_line_height=\u00bb1.8em\u00bb background_image=\u00bbhttps:\/\/lamilagrosapolanco.com\/wp-content\/uploads\/2018\/05\/Logo-FoPD-May-18th-2018.jpg\u00bb parallax=\u00bbon\u00bb parallax_method=\u00bbon\u00bb custom_button_two=\u00bbon\u00bb button_two_text_size=\u00bb15px\u00bb button_two_text_color=\u00bb#ffffff\u00bb button_two_bg_color=\u00bb#c39d63&#8243; button_two_border_color=\u00bb#c39d63&#8243; button_two_border_radius=\u00bb0px\u00bb button_two_letter_spacing=\u00bb1px\u00bb button_two_font=\u00bbMontserrat|||on|\u00bb button_two_use_icon=\u00bboff\u00bb button_two_letter_spacing_hover=\u00bb1px\u00bb custom_button_one=\u00bbon\u00bb button_one_text_size=\u00bb15px\u00bb button_one_text_color=\u00bb#ffffff\u00bb button_one_border_color=\u00bb#ffffff\u00bb button_one_border_radius=\u00bb0px\u00bb button_one_letter_spacing=\u00bb1px\u00bb button_one_font=\u00bbMontserrat|||on|\u00bb button_one_use_icon=\u00bboff\u00bb button_one_border_radius_hover=\u00bb0px\u00bb button_one_letter_spacing_hover=\u00bb1px\u00bb animation_style=\u00bbzoom\u00bb animation_duration=\u00bb1500ms\u00bb animation_intensity_zoom=\u00bb4%\u00bb]<\/p>\n<p>Valoramos la importancia que tienen las plantas para la salud del planeta, y de nuestra vida.<\/p>\n<p>Un a\u00f1o m\u00e1s, seguimos colaborado con Epso 18, y participando el evento internacional de fascinaci\u00f3n por las plantas.<\/p>\n<p>[\/et_pb_fullwidth_header][\/et_pb_section][et_pb_section bb_built=\u00bb1&#8243; admin_label=\u00bbWelcome To Royal\u00bb _builder_version=\u00bb3.2.2&#8243; background_color=\u00bb#ffffff\u00bb background_position=\u00bbtop_left\u00bb custom_padding=\u00bb100px|0px|100px|0px\u00bb bottom_divider_style=\u00bbclouds2&#8243; bottom_divider_color=\u00bb#0c71c3&#8243; collapsed=\u00bboff\u00bb prev_background_color=\u00bb#dddddd\u00bb next_background_color=\u00bb#000000&#8243;][et_pb_row custom_padding=\u00bb68px|0px|27px|0px|false|false\u00bb custom_margin=\u00bb|||\u00bb padding_top_1=\u00bb60px\u00bb background_position_1=\u00bbtop_left\u00bb background_position_2=\u00bbtop_left\u00bb background_repeat_1=\u00bbno-repeat\u00bb background_repeat_2=\u00bbno-repeat\u00bb _builder_version=\u00bb3.2.2&#8243; background_size=\u00bbinitial\u00bb background_position=\u00bbtop_left\u00bb background_repeat=\u00bbrepeat\u00bb][et_pb_column type=\u00bb1_2&#8243;][et_pb_text _builder_version=\u00bb3.0.77&#8243; text_font=\u00bbMontserrat|on||on|\u00bb text_text_color=\u00bb#bfbfbf\u00bb text_letter_spacing=\u00bb2px\u00bb text_line_height=\u00bb1.3em\u00bb background_size=\u00bbinitial\u00bb background_position=\u00bbtop_left\u00bb background_repeat=\u00bbrepeat\u00bb module_alignment=\u00bbcenter\u00bb custom_margin=\u00bb||12px|\u00bb custom_padding=\u00bb|||\u00bb animation_style=\u00bbslide\u00bb animation_direction=\u00bbbottom\u00bb saved_tabs=\u00bball\u00bb locked=\u00bboff\u00bb]<\/p>\n<p>EPSO<\/p>\n<p>[\/et_pb_text][et_pb_divider color=\u00bb#c39d63&#8243; divider_weight=\u00bb3px\u00bb _builder_version=\u00bb3.2&#8243; max_width=\u00bb60px\u00bb module_alignment=\u00bbleft\u00bb custom_margin=\u00bb||10px|\u00bb saved_tabs=\u00bball\u00bb locked=\u00bboff\u00bb \/][et_pb_text disabled_on=\u00bbon|on|off\u00bb _builder_version=\u00bb3.2.2&#8243; text_font=\u00bb||||\u00bb text_text_color=\u00bb#1f1f1f\u00bb header_font=\u00bbPlayfair Display||||\u00bb header_text_color=\u00bb#1f1f1f\u00bb header_font_size=\u00bb48px\u00bb header_line_height=\u00bb1.3em\u00bb background_size=\u00bbinitial\u00bb background_position=\u00bbtop_left\u00bb background_repeat=\u00bbrepeat\u00bb]<\/p>\n<h1>Plants day<\/h1>\n<p>[\/et_pb_text][et_pb_text _builder_version=\u00bb3.0.77&#8243; text_font=\u00bbMontserrat||||\u00bb text_text_color=\u00bb#939393&#8243; text_font_size=\u00bb17px\u00bb text_line_height=\u00bb1.8em\u00bb header_font=\u00bb||||\u00bb background_size=\u00bbinitial\u00bb background_position=\u00bbtop_left\u00bb background_repeat=\u00bbrepeat\u00bb max_width=\u00bb700px\u00bb animation_style=\u00bbslide\u00bb animation_direction=\u00bbtop\u00bb animation_intensity_slide=\u00bb4%\u00bb]<\/p>\n<p>Como ya va siendo tradici\u00f3n, en nuestro Centro, este curso 17-18, l@s alumn@s de 6\u00ba de E.P. \u00a0<strong>del Colegio de la Milagrosa de Polanco<\/strong>, adem\u00e1s de tener la suerte de disfrutar de un entorno natural precioso, estamos\u00a0\u00a0 muy mentalizados con el cuidado del medio ambiente; por eso\u00a0 vamos realizando actividades profundamente relacionadas con nuestro bienestar y del planeta tierra.<\/p>\n<p>&nbsp;<\/p>\n<p><span style=\"font-size: 17px;\">\u00a0<\/span><\/p>\n<p>[\/et_pb_text][\/et_pb_column][et_pb_column type=\u00bb1_2&#8243;][et_pb_image src=\u00bbhttps:\/\/lamilagrosapolanco.com\/wp-content\/uploads\/2018\/05\/IMG_20180518_113036.jpg\u00bb force_fullwidth=\u00bbon\u00bb always_center_on_mobile=\u00bboff\u00bb _builder_version=\u00bb3.2.2&#8243; custom_margin=\u00bb132px||0px|\u00bb animation_style=\u00bbslide\u00bb animation_direction=\u00bbleft\u00bb animation_intensity_slide=\u00bb10%\u00bb \/][\/et_pb_column][\/et_pb_row][et_pb_row custom_padding=\u00bb68px|0px|27px|0px|false|false\u00bb custom_margin=\u00bb|||\u00bb padding_top_1=\u00bb60px\u00bb background_position_1=\u00bbtop_left\u00bb background_position_2=\u00bbtop_left\u00bb background_repeat_1=\u00bbno-repeat\u00bb background_repeat_2=\u00bbno-repeat\u00bb _builder_version=\u00bb3.0.77&#8243; background_size=\u00bbinitial\u00bb background_position=\u00bbtop_left\u00bb background_repeat=\u00bbrepeat\u00bb][et_pb_column type=\u00bb1_2&#8243;][et_pb_text _builder_version=\u00bb3.0.77&#8243; text_font=\u00bbMontserrat|on||on|\u00bb text_text_color=\u00bb#bfbfbf\u00bb text_letter_spacing=\u00bb2px\u00bb text_line_height=\u00bb1.3em\u00bb background_size=\u00bbinitial\u00bb background_position=\u00bbtop_left\u00bb background_repeat=\u00bbrepeat\u00bb module_alignment=\u00bbcenter\u00bb custom_margin=\u00bb||12px|\u00bb custom_padding=\u00bb|||\u00bb animation_style=\u00bbslide\u00bb animation_direction=\u00bbbottom\u00bb saved_tabs=\u00bball\u00bb locked=\u00bboff\u00bb \/][et_pb_divider color=\u00bb#c39d63&#8243; divider_weight=\u00bb3px\u00bb _builder_version=\u00bb3.2&#8243; max_width=\u00bb60px\u00bb module_alignment=\u00bbleft\u00bb custom_margin=\u00bb||10px|\u00bb saved_tabs=\u00bball\u00bb locked=\u00bboff\u00bb \/][et_pb_text disabled_on=\u00bbon|on|off\u00bb _builder_version=\u00bb3.0.77&#8243; text_font=\u00bb||||\u00bb text_text_color=\u00bb#1f1f1f\u00bb header_font=\u00bbPlayfair Display||||\u00bb header_text_color=\u00bb#1f1f1f\u00bb header_font_size=\u00bb48px\u00bb header_line_height=\u00bb1.3em\u00bb background_size=\u00bbinitial\u00bb background_position=\u00bbtop_left\u00bb background_repeat=\u00bbrepeat\u00bb \/][et_pb_text _builder_version=\u00bb3.0.77&#8243; text_font=\u00bbMontserrat||||\u00bb text_text_color=\u00bb#939393&#8243; text_font_size=\u00bb17px\u00bb text_line_height=\u00bb1.8em\u00bb header_font=\u00bb||||\u00bb background_size=\u00bbinitial\u00bb background_position=\u00bbtop_left\u00bb background_repeat=\u00bbrepeat\u00bb max_width=\u00bb700px\u00bb animation_style=\u00bbslide\u00bb animation_direction=\u00bbtop\u00bb animation_intensity_slide=\u00bb4%\u00bb]<\/p>\n<p>En el primer trimestre del curso, entresacamos las semillas de los tajetes sembrados y cuidados el a\u00f1o anterior. Una vez secas las metimos en bolsitas y las vendimos para colaborar en el proyecto solidario <strong>\u201cUn ni\u00f1o, un libro\u201d<\/strong> a favor de los ni\u00f1os de Mokom, Guinea Ecuatorial (adem\u00e1s de estudiar la flora de la selva), \u00a0y en la Salida de fin de curso a un Albergue.<\/p>\n<p>En el Segundo investigamos sobre la raz\u00f3n por la cual aparece en el centro del escudo del Ayuntamiento de Polanco una <strong>manzana dorada<\/strong>. Dada la importancia del manzano en la Historia de Pueblo, nos propusimos\u00a0 reproducir manzanos a partir de las pepitas de manzanas consumidas durante los recreos.\u00a0 Una vez que conseguimos germinarlas en frio, \u00a0echamos a andar nuestro <strong>VIVERO KIDS.<\/strong><\/p>\n<p>\u00c9ste, con el paso del tiempo, se fue enriqueciendo con <strong>plantas<\/strong> de <strong>fresas, hibiscus<\/strong>, <strong>lazos del amor, alegr\u00edas, \u00a0calanchoes<\/strong>,\u2026 utilizando como macetas envases de pl\u00e1sticos reutizados.<\/p>\n<p>Coincidiendo <strong>con el d\u00eda de la tierra<\/strong>, y tras ser comunicada la <strong>apertura<\/strong> del <strong>Vivero<\/strong> Kids, tanto en las aulas como por medio de Radio 8 la Milagrosa, las\u00a0 pusimos la venta.<\/p>\n<p>Ya, <strong>el 18 de mayo,<\/strong> VI d\u00eda internacional de fascinaci\u00f3n por las plantas, nos <strong>convertimos<\/strong> en <strong>jardineros<\/strong>, cuidando, flores y arbustos de nuestro Colegio , cortando hojas y flores estropeadas: calas,\u00a0 rosas, margaritas, arbustos\u2026<\/p>\n<p>Y fuimos colocando <strong>medallones<\/strong> con el nombre en algunos <strong>\u00e1rboles<\/strong> del cole todo ello con gran ilusi\u00f3n\u00a0 y gozo.<\/p>\n<p>&nbsp;<\/p>\n<p>Con todo ello sabemos que ponemos nuestro granito de arena en la purificaci\u00f3n del aire y de nuestra salud. Adem\u00e1s de embellecer el entorno en el que nos movemos.<\/p>\n<p>[\/et_pb_text][\/et_pb_column][et_pb_column type=\u00bb1_2&#8243;][et_pb_image src=\u00bbhttps:\/\/lamilagrosapolanco.com\/wp-content\/uploads\/2018\/05\/IMG_20180518_112018.jpg\u00bb force_fullwidth=\u00bbon\u00bb always_center_on_mobile=\u00bboff\u00bb _builder_version=\u00bb3.2.2&#8243; custom_margin=\u00bb132px||0px|\u00bb animation_style=\u00bbslide\u00bb animation_direction=\u00bbleft\u00bb animation_intensity_slide=\u00bb10%\u00bb \/][et_pb_image src=\u00bbhttps:\/\/lamilagrosapolanco.com\/wp-content\/uploads\/2018\/05\/IMG_20180518_111030.jpg\u00bb force_fullwidth=\u00bbon\u00bb always_center_on_mobile=\u00bboff\u00bb _builder_version=\u00bb3.2.2&#8243; custom_margin=\u00bb132px||0px|\u00bb animation_style=\u00bbslide\u00bb animation_direction=\u00bbleft\u00bb animation_intensity_slide=\u00bb10%\u00bb \/][\/et_pb_column][\/et_pb_row][\/et_pb_section][et_pb_section bb_built=\u00bb1&#8243; admin_label=\u00bbTestominals\u00bb _builder_version=\u00bb3.2.2&#8243; background_size=\u00bbinitial\u00bb background_position=\u00bbtop_left\u00bb custom_padding=\u00bb100px|0px|100px|0px|false|false\u00bb saved_tabs=\u00bball\u00bb collapsed=\u00bboff\u00bb prev_background_color=\u00bb#000000&#8243;][et_pb_row _builder_version=\u00bb3.2.2&#8243; background_size=\u00bbinitial\u00bb background_position=\u00bbtop_left\u00bb background_repeat=\u00bbrepeat\u00bb use_custom_width=\u00bbon\u00bb][et_pb_column type=\u00bb4_4&#8243;][et_pb_video src=\u00bbhttps:\/\/vimeo.com\/271106602&#8243; image_src=\u00bb\/\/i.vimeocdn.com\/video\/702305790_960.jpg\u00bb _builder_version=\u00bb3.2.2&#8243; \/][\/et_pb_column][\/et_pb_row][\/et_pb_section]<\/p>\n","protected":false},"excerpt":{"rendered":"<p>Valoramos la importancia que tienen las plantas para la salud del planeta, y de nuestra vida. Un a\u00f1o m\u00e1s, seguimos colaborado con Epso 18, y participando el evento internacional de fascinaci\u00f3n por las plantas. EPSO Plants day Como ya va siendo tradici\u00f3n, en nuestro Centro, este curso 17-18, l@s alumn@s de 6\u00ba de E.P. \u00a0del [&hellip;]<\/p>\n","protected":false},"author":11,"featured_media":2535,"comment_status":"closed","ping_status":"closed","sticky":false,"template":"","format":"standard","meta":{"_et_pb_use_builder":"on","_et_pb_old_content":"","_et_gb_content_width":"","footnotes":""},"categories":[1],"tags":[],"class_list":["post-2464","post","type-post","status-publish","format-standard","has-post-thumbnail","hentry","category-noticias"],"_links":{"self":[{"href":"https:\/\/lamilagrosapolanco.com\/index.php?rest_route=\/wp\/v2\/posts\/2464","targetHints":{"allow":["GET"]}}],"collection":[{"href":"https:\/\/lamilagrosapolanco.com\/index.php?rest_route=\/wp\/v2\/posts"}],"about":[{"href":"https:\/\/lamilagrosapolanco.com\/index.php?rest_route=\/wp\/v2\/types\/post"}],"author":[{"embeddable":true,"href":"https:\/\/lamilagrosapolanco.com\/index.php?rest_route=\/wp\/v2\/users\/11"}],"replies":[{"embeddable":true,"href":"https:\/\/lamilagrosapolanco.com\/index.php?rest_route=%2Fwp%2Fv2%2Fcomments&post=2464"}],"version-history":[{"count":17,"href":"https:\/\/lamilagrosapolanco.com\/index.php?rest_route=\/wp\/v2\/posts\/2464\/revisions"}],"predecessor-version":[{"id":2547,"href":"https:\/\/lamilagrosapolanco.com\/index.php?rest_route=\/wp\/v2\/posts\/2464\/revisions\/2547"}],"wp:featuredmedia":[{"embeddable":true,"href":"https:\/\/lamilagrosapolanco.com\/index.php?rest_route=\/wp\/v2\/media\/2535"}],"wp:attachment":[{"href":"https:\/\/lamilagrosapolanco.com\/index.php?rest_route=%2Fwp%2Fv2%2Fmedia&parent=2464"}],"wp:term":[{"taxonomy":"category","embeddable":true,"href":"https:\/\/lamilagrosapolanco.com\/index.php?rest_route=%2Fwp%2Fv2%2Fcategories&post=2464"},{"taxonomy":"post_tag","embeddable":true,"href":"https:\/\/lamilagrosapolanco.com\/index.php?rest_route=%2Fwp%2Fv2%2Ftags&post=2464"}],"curies":[{"name":"wp","href":"https:\/\/api.w.org\/{rel}","templated":true}]}}