

{"id":2452,"date":"2018-05-23T09:26:12","date_gmt":"2018-05-23T07:26:12","guid":{"rendered":"http:\/\/lamilagrosapolanco.com\/?p=2452"},"modified":"2018-05-23T09:27:32","modified_gmt":"2018-05-23T07:27:32","slug":"english-summer-camp-2018","status":"publish","type":"post","link":"https:\/\/lamilagrosapolanco.com\/?p=2452","title":{"rendered":"English summer camp 2018"},"content":{"rendered":"<p>[et_pb_section bb_built=\u00bb1&#8243;][et_pb_row][et_pb_column type=\u00bb4_4&#8243;][et_pb_post_title _builder_version=\u00bb3.2.2&#8243; meta=\u00bboff\u00bb author=\u00bboff\u00bb date=\u00bboff\u00bb \/][\/et_pb_column][\/et_pb_row][et_pb_row][et_pb_column type=\u00bb4_4&#8243;][et_pb_text _builder_version=\u00bb3.2.2&#8243;]<\/p>\n<p>El campamento de inmersi\u00f3n ling\u00fc\u00edstica en ingl\u00e9s (del 25 al 29 de junio) tiene como objetivo el aprendizaje pr\u00e1ctico del ingl\u00e9s y acercar al alumnado a la cultura de los pa\u00edses de habla inglesa. Est\u00e1 destinado para ni\u00f1os y ni\u00f1as de 5\u00ba y 6\u00ba de Educaci\u00f3n Primaria y 1\u00ba y 2\u00ba Educaci\u00f3n Secundaria de los colegios de Hijas de la Caridad de Asturias y Cantabria, realiz\u00e1ndose en el Colegio S. Vicente de Pa\u00fal de Limpias (Cantabria).<\/p>\n<p>[\/et_pb_text][et_pb_gallery _builder_version=\u00bb3.2.2&#8243; gallery_ids=\u00bb2455,2456,2458&#8243; posts_number=\u00bb3&#8243; zoom_icon_color=\u00bb#2ea3f2&#8243; hover_overlay_color=\u00bbrgba(255,255,255,0.9)\u00bb show_title_and_caption=\u00bboff\u00bb \/][\/et_pb_column][\/et_pb_row][\/et_pb_section]<\/p>\n","protected":false},"excerpt":{"rendered":"<p><div class=\"et_pb_row et_pb_row_0 et_pb_row_empty\">\n\t\t\t\t\n\t\t\t\t\n\t\t\t\t\n\t\t\t\t\n\t\t\t\t\n\t\t\t<\/div><div class=\"et_pb_row et_pb_row_1 et_pb_row_empty\">\n\t\t\t\t\n\t\t\t\t\n\t\t\t\t\n\t\t\t\t\n\t\t\t\t\n\t\t\t<\/div> El campamento de inmersi\u00f3n ling\u00fc\u00edstica en ingl\u00e9s (del 25 al 29 de junio) tiene como objetivo el aprendizaje pr\u00e1ctico del ingl\u00e9s y acercar al alumnado a la cultura de los pa\u00edses de habla inglesa. Est\u00e1 destinado para ni\u00f1os y ni\u00f1as de 5\u00ba y 6\u00ba de Educaci\u00f3n Primaria y 1\u00ba y 2\u00ba Educaci\u00f3n Secundaria de [&hellip;]<\/p>\n","protected":false},"author":11,"featured_media":2453,"comment_status":"open","ping_status":"closed","sticky":false,"template":"","format":"standard","meta":{"_et_pb_use_builder":"on","_et_pb_old_content":"","_et_gb_content_width":"","footnotes":""},"categories":[1],"tags":[],"class_list":["post-2452","post","type-post","status-publish","format-standard","has-post-thumbnail","hentry","category-noticias"],"_links":{"self":[{"href":"https:\/\/lamilagrosapolanco.com\/index.php?rest_route=\/wp\/v2\/posts\/2452","targetHints":{"allow":["GET"]}}],"collection":[{"href":"https:\/\/lamilagrosapolanco.com\/index.php?rest_route=\/wp\/v2\/posts"}],"about":[{"href":"https:\/\/lamilagrosapolanco.com\/index.php?rest_route=\/wp\/v2\/types\/post"}],"author":[{"embeddable":true,"href":"https:\/\/lamilagrosapolanco.com\/index.php?rest_route=\/wp\/v2\/users\/11"}],"replies":[{"embeddable":true,"href":"https:\/\/lamilagrosapolanco.com\/index.php?rest_route=%2Fwp%2Fv2%2Fcomments&post=2452"}],"version-history":[{"count":7,"href":"https:\/\/lamilagrosapolanco.com\/index.php?rest_route=\/wp\/v2\/posts\/2452\/revisions"}],"predecessor-version":[{"id":2463,"href":"https:\/\/lamilagrosapolanco.com\/index.php?rest_route=\/wp\/v2\/posts\/2452\/revisions\/2463"}],"wp:featuredmedia":[{"embeddable":true,"href":"https:\/\/lamilagrosapolanco.com\/index.php?rest_route=\/wp\/v2\/media\/2453"}],"wp:attachment":[{"href":"https:\/\/lamilagrosapolanco.com\/index.php?rest_route=%2Fwp%2Fv2%2Fmedia&parent=2452"}],"wp:term":[{"taxonomy":"category","embeddable":true,"href":"https:\/\/lamilagrosapolanco.com\/index.php?rest_route=%2Fwp%2Fv2%2Fcategories&post=2452"},{"taxonomy":"post_tag","embeddable":true,"href":"https:\/\/lamilagrosapolanco.com\/index.php?rest_route=%2Fwp%2Fv2%2Ftags&post=2452"}],"curies":[{"name":"wp","href":"https:\/\/api.w.org\/{rel}","templated":true}]}}