

{"id":1526,"date":"2017-12-14T13:54:19","date_gmt":"2017-12-14T12:54:19","guid":{"rendered":"http:\/\/lamilagrosapolanco.com\/?p=1526"},"modified":"2018-05-02T22:18:05","modified_gmt":"2018-05-02T20:18:05","slug":"visita-belen","status":"publish","type":"post","link":"https:\/\/lamilagrosapolanco.com\/?p=1526","title":{"rendered":"VISITA A BEL\u00c9N"},"content":{"rendered":"<p>[et_pb_section bb_built=\u00bb1&#8243;][et_pb_row][et_pb_column type=\u00bb4_4&#8243;][et_pb_text]<\/p>\n<p>Durante el mes de diciembre, los alumnos del Colegio La Milagrosa, han visitado algunas belenes de nuestra Comunidad, que destacan por su belleza y creatividad. Los cursos de Educaci\u00f3n Infantil, primer y segundo ciclo de Primaria, acudieron hasta la localidad de Cud\u00f3n, para poder observar el Bel\u00e9n de esta localidad de Miengo. Todos se quedaron sorprendidos por la movilidad de sus piezas y la belleza de sus paisajes.<br \/>\n<a href=\"https:\/\/lamilagrosapolanco.com\/wp-content\/uploads\/2017\/12\/20171205_102943.jpg\"><img loading=\"lazy\" decoding=\"async\" class=\"aligncenter size-full wp-image-1527\" src=\"https:\/\/lamilagrosapolanco.com\/wp-content\/uploads\/2017\/12\/20171205_102943.jpg\" alt=\"20171205_102943\" width=\"4128\" height=\"3096\" srcset=\"https:\/\/lamilagrosapolanco.com\/wp-content\/uploads\/2017\/12\/20171205_102943.jpg 4128w, https:\/\/lamilagrosapolanco.com\/wp-content\/uploads\/2017\/12\/20171205_102943-300x225.jpg 300w, https:\/\/lamilagrosapolanco.com\/wp-content\/uploads\/2017\/12\/20171205_102943-768x576.jpg 768w, https:\/\/lamilagrosapolanco.com\/wp-content\/uploads\/2017\/12\/20171205_102943-1030x773.jpg 1030w\" sizes=\"(max-width: 4128px) 100vw, 4128px\" \/><\/a><\/p>\n<p><a href=\"https:\/\/lamilagrosapolanco.com\/wp-content\/uploads\/2017\/12\/CIMG5372.jpg\"><img loading=\"lazy\" decoding=\"async\" class=\"aligncenter size-gallery wp-image-1528\" src=\"https:\/\/lamilagrosapolanco.com\/wp-content\/uploads\/2017\/12\/CIMG5372.jpg\" alt=\"cimg5372\" width=\"2560\" height=\"1920\" srcset=\"https:\/\/lamilagrosapolanco.com\/wp-content\/uploads\/2017\/12\/CIMG5372.jpg 2560w, https:\/\/lamilagrosapolanco.com\/wp-content\/uploads\/2017\/12\/CIMG5372-300x225.jpg 300w, https:\/\/lamilagrosapolanco.com\/wp-content\/uploads\/2017\/12\/CIMG5372-768x576.jpg 768w, https:\/\/lamilagrosapolanco.com\/wp-content\/uploads\/2017\/12\/CIMG5372-1030x773.jpg 1030w\" sizes=\"(max-width: 2560px) 100vw, 2560px\" \/><\/a><\/p>\n<p><a href=\"https:\/\/lamilagrosapolanco.com\/wp-content\/uploads\/2017\/12\/IMG-20171205-WA0036.jpg\"><img loading=\"lazy\" decoding=\"async\" class=\"aligncenter size-gallery wp-image-1529\" src=\"https:\/\/lamilagrosapolanco.com\/wp-content\/uploads\/2017\/12\/IMG-20171205-WA0036.jpg\" alt=\"img-20171205-wa0036\" width=\"1600\" height=\"1200\" srcset=\"https:\/\/lamilagrosapolanco.com\/wp-content\/uploads\/2017\/12\/IMG-20171205-WA0036.jpg 1600w, https:\/\/lamilagrosapolanco.com\/wp-content\/uploads\/2017\/12\/IMG-20171205-WA0036-300x225.jpg 300w, https:\/\/lamilagrosapolanco.com\/wp-content\/uploads\/2017\/12\/IMG-20171205-WA0036-768x576.jpg 768w, https:\/\/lamilagrosapolanco.com\/wp-content\/uploads\/2017\/12\/IMG-20171205-WA0036-1030x773.jpg 1030w\" sizes=\"(max-width: 1600px) 100vw, 1600px\" \/><\/a><\/p>\n<p><a href=\"https:\/\/lamilagrosapolanco.com\/wp-content\/uploads\/2017\/12\/CIMG5380.jpg\"><img loading=\"lazy\" decoding=\"async\" class=\"aligncenter size-gallery wp-image-1530\" src=\"https:\/\/lamilagrosapolanco.com\/wp-content\/uploads\/2017\/12\/CIMG5380.jpg\" alt=\"cimg5380\" width=\"2560\" height=\"1920\" srcset=\"https:\/\/lamilagrosapolanco.com\/wp-content\/uploads\/2017\/12\/CIMG5380.jpg 2560w, https:\/\/lamilagrosapolanco.com\/wp-content\/uploads\/2017\/12\/CIMG5380-300x225.jpg 300w, https:\/\/lamilagrosapolanco.com\/wp-content\/uploads\/2017\/12\/CIMG5380-768x576.jpg 768w, https:\/\/lamilagrosapolanco.com\/wp-content\/uploads\/2017\/12\/CIMG5380-1030x773.jpg 1030w\" sizes=\"(max-width: 2560px) 100vw, 2560px\" \/><\/a><br \/>\nLos cursos del tercer ciclo de Primaria visitaron la localidad de Barcenaciones en Reoc\u00edn para disfrutar de su singular Bel\u00e9n, en donde pudieron escuchar y ver toda su recreaci\u00f3n.<br \/>\n<a href=\"https:\/\/lamilagrosapolanco.com\/wp-content\/uploads\/2017\/12\/IMG_20171212_122656.jpg\"><img loading=\"lazy\" decoding=\"async\" class=\"aligncenter size-full wp-image-1531\" src=\"https:\/\/lamilagrosapolanco.com\/wp-content\/uploads\/2017\/12\/IMG_20171212_122656.jpg\" alt=\"img_20171212_122656\" width=\"3264\" height=\"2448\" srcset=\"https:\/\/lamilagrosapolanco.com\/wp-content\/uploads\/2017\/12\/IMG_20171212_122656.jpg 3264w, https:\/\/lamilagrosapolanco.com\/wp-content\/uploads\/2017\/12\/IMG_20171212_122656-300x225.jpg 300w, https:\/\/lamilagrosapolanco.com\/wp-content\/uploads\/2017\/12\/IMG_20171212_122656-768x576.jpg 768w, https:\/\/lamilagrosapolanco.com\/wp-content\/uploads\/2017\/12\/IMG_20171212_122656-1030x773.jpg 1030w\" sizes=\"(max-width: 3264px) 100vw, 3264px\" \/><\/a><\/p>\n<p><a href=\"https:\/\/lamilagrosapolanco.com\/wp-content\/uploads\/2017\/12\/IMG_20171212_125959-copia.jpg\"><img loading=\"lazy\" decoding=\"async\" class=\"aligncenter size-gallery wp-image-1532\" src=\"https:\/\/lamilagrosapolanco.com\/wp-content\/uploads\/2017\/12\/IMG_20171212_125959-copia.jpg\" alt=\"img_20171212_125959-copia\" width=\"2448\" height=\"1953\" srcset=\"https:\/\/lamilagrosapolanco.com\/wp-content\/uploads\/2017\/12\/IMG_20171212_125959-copia.jpg 2448w, https:\/\/lamilagrosapolanco.com\/wp-content\/uploads\/2017\/12\/IMG_20171212_125959-copia-300x239.jpg 300w, https:\/\/lamilagrosapolanco.com\/wp-content\/uploads\/2017\/12\/IMG_20171212_125959-copia-768x613.jpg 768w, https:\/\/lamilagrosapolanco.com\/wp-content\/uploads\/2017\/12\/IMG_20171212_125959-copia-1030x822.jpg 1030w\" sizes=\"(max-width: 2448px) 100vw, 2448px\" \/><\/a><\/p>\n<p><a href=\"https:\/\/lamilagrosapolanco.com\/wp-content\/uploads\/2017\/12\/IMG_20171212_1032411.jpg\"><img loading=\"lazy\" decoding=\"async\" class=\"aligncenter size-gallery wp-image-1533\" src=\"https:\/\/lamilagrosapolanco.com\/wp-content\/uploads\/2017\/12\/IMG_20171212_1032411.jpg\" alt=\"img_20171212_1032411\" width=\"3264\" height=\"2448\" srcset=\"https:\/\/lamilagrosapolanco.com\/wp-content\/uploads\/2017\/12\/IMG_20171212_1032411.jpg 3264w, https:\/\/lamilagrosapolanco.com\/wp-content\/uploads\/2017\/12\/IMG_20171212_1032411-300x225.jpg 300w, https:\/\/lamilagrosapolanco.com\/wp-content\/uploads\/2017\/12\/IMG_20171212_1032411-768x576.jpg 768w, https:\/\/lamilagrosapolanco.com\/wp-content\/uploads\/2017\/12\/IMG_20171212_1032411-1030x773.jpg 1030w\" sizes=\"(max-width: 3264px) 100vw, 3264px\" \/><\/a><\/p>\n<p><a href=\"https:\/\/lamilagrosapolanco.com\/wp-content\/uploads\/2017\/12\/IMG_20171212_103139.jpg\"><img loading=\"lazy\" decoding=\"async\" class=\"aligncenter size-gallery wp-image-1534\" src=\"https:\/\/lamilagrosapolanco.com\/wp-content\/uploads\/2017\/12\/IMG_20171212_103139.jpg\" alt=\"img_20171212_103139\" width=\"3264\" height=\"2448\" srcset=\"https:\/\/lamilagrosapolanco.com\/wp-content\/uploads\/2017\/12\/IMG_20171212_103139.jpg 3264w, https:\/\/lamilagrosapolanco.com\/wp-content\/uploads\/2017\/12\/IMG_20171212_103139-300x225.jpg 300w, https:\/\/lamilagrosapolanco.com\/wp-content\/uploads\/2017\/12\/IMG_20171212_103139-768x576.jpg 768w, https:\/\/lamilagrosapolanco.com\/wp-content\/uploads\/2017\/12\/IMG_20171212_103139-1030x773.jpg 1030w\" sizes=\"(max-width: 3264px) 100vw, 3264px\" \/><\/a><\/p>\n<p>[\/et_pb_text][\/et_pb_column][\/et_pb_row][\/et_pb_section]<\/p>\n","protected":false},"excerpt":{"rendered":"<p><div class=\"et_pb_row et_pb_row_0 et_pb_row_empty\">\n\t\t\t\t\n\t\t\t\t\n\t\t\t\t\n\t\t\t\t\n\t\t\t\t\n\t\t\t<\/div><div class=\"et_pb_module et_pb_text et_pb_text_0  et_pb_text_align_left et_pb_bg_layout_light\">\n\t\t\t\t\n\t\t\t\t\n\t\t\t\t\n\t\t\t\t\n\t\t\t\t\n\t\t\t<\/div> Durante el mes de diciembre, los alumnos del Colegio La Milagrosa, han visitado algunas belenes de nuestra Comunidad, que destacan por su belleza y creatividad. Los cursos de Educaci\u00f3n Infantil, primer y segundo ciclo de Primaria, acudieron hasta la localidad de Cud\u00f3n, para poder observar el Bel\u00e9n de esta localidad de Miengo. Todos se [&hellip;]<\/p>\n","protected":false},"author":11,"featured_media":1529,"comment_status":"open","ping_status":"closed","sticky":false,"template":"","format":"standard","meta":{"_et_pb_use_builder":"on","_et_pb_old_content":"<p>Durante el mes de diciembre, los alumnos del Colegio La Milagrosa, han visitado algunas belenes de nuestra Comunidad, que destacan por su belleza y creatividad. Los cursos de Educaci\u00f3n Infantil, primer y segundo ciclo de Primaria, acudieron hasta la localidad de Cud\u00f3n, para poder observar el Bel\u00e9n de esta localidad de Miengo. Todos se quedaron sorprendidos por la movilidad de sus piezas y la belleza de sus paisajes.<br \/> <a href=\"http:\/\/lamilagrosapolanco.com\/wp-content\/uploads\/2017\/12\/20171205_102943.jpg\"><img class=\"aligncenter size-full wp-image-1527\" src=\"http:\/\/lamilagrosapolanco.com\/wp-content\/uploads\/2017\/12\/20171205_102943.jpg\" alt=\"20171205_102943\" width=\"4128\" height=\"3096\" \/><\/a><\/p><p><a href=\"http:\/\/lamilagrosapolanco.com\/wp-content\/uploads\/2017\/12\/CIMG5372.jpg\"><img class=\"aligncenter size-gallery wp-image-1528\" src=\"http:\/\/lamilagrosapolanco.com\/wp-content\/uploads\/2017\/12\/CIMG5372.jpg\" alt=\"cimg5372\" width=\"2560\" height=\"1920\" \/><\/a><\/p><p><a href=\"http:\/\/lamilagrosapolanco.com\/wp-content\/uploads\/2017\/12\/IMG-20171205-WA0036.jpg\"><img class=\"aligncenter size-gallery wp-image-1529\" src=\"http:\/\/lamilagrosapolanco.com\/wp-content\/uploads\/2017\/12\/IMG-20171205-WA0036.jpg\" alt=\"img-20171205-wa0036\" width=\"1600\" height=\"1200\" \/><\/a><\/p><p><a href=\"http:\/\/lamilagrosapolanco.com\/wp-content\/uploads\/2017\/12\/CIMG5380.jpg\"><img class=\"aligncenter size-gallery wp-image-1530\" src=\"http:\/\/lamilagrosapolanco.com\/wp-content\/uploads\/2017\/12\/CIMG5380.jpg\" alt=\"cimg5380\" width=\"2560\" height=\"1920\" \/><\/a><br \/> Los cursos del tercer ciclo de Primaria visitaron la localidad de Barcenaciones en Reoc\u00edn para disfrutar de su singular Bel\u00e9n, en donde pudieron escuchar y ver toda su recreaci\u00f3n.<br \/> <a href=\"http:\/\/lamilagrosapolanco.com\/wp-content\/uploads\/2017\/12\/IMG_20171212_122656.jpg\"><img class=\"aligncenter size-full wp-image-1531\" src=\"http:\/\/lamilagrosapolanco.com\/wp-content\/uploads\/2017\/12\/IMG_20171212_122656.jpg\" alt=\"img_20171212_122656\" width=\"3264\" height=\"2448\" \/><\/a><\/p><p><a href=\"http:\/\/lamilagrosapolanco.com\/wp-content\/uploads\/2017\/12\/IMG_20171212_125959-copia.jpg\"><img class=\"aligncenter size-gallery wp-image-1532\" src=\"http:\/\/lamilagrosapolanco.com\/wp-content\/uploads\/2017\/12\/IMG_20171212_125959-copia.jpg\" alt=\"img_20171212_125959-copia\" width=\"2448\" height=\"1953\" \/><\/a><\/p><p><a href=\"http:\/\/lamilagrosapolanco.com\/wp-content\/uploads\/2017\/12\/IMG_20171212_1032411.jpg\"><img class=\"aligncenter size-gallery wp-image-1533\" src=\"http:\/\/lamilagrosapolanco.com\/wp-content\/uploads\/2017\/12\/IMG_20171212_1032411.jpg\" alt=\"img_20171212_1032411\" width=\"3264\" height=\"2448\" \/><\/a><\/p><p><a href=\"http:\/\/lamilagrosapolanco.com\/wp-content\/uploads\/2017\/12\/IMG_20171212_103139.jpg\"><img class=\"aligncenter size-gallery wp-image-1534\" src=\"http:\/\/lamilagrosapolanco.com\/wp-content\/uploads\/2017\/12\/IMG_20171212_103139.jpg\" alt=\"img_20171212_103139\" width=\"3264\" height=\"2448\" \/><\/a><\/p>","_et_gb_content_width":"","footnotes":""},"categories":[1],"tags":[],"class_list":["post-1526","post","type-post","status-publish","format-standard","has-post-thumbnail","hentry","category-noticias"],"_links":{"self":[{"href":"https:\/\/lamilagrosapolanco.com\/index.php?rest_route=\/wp\/v2\/posts\/1526","targetHints":{"allow":["GET"]}}],"collection":[{"href":"https:\/\/lamilagrosapolanco.com\/index.php?rest_route=\/wp\/v2\/posts"}],"about":[{"href":"https:\/\/lamilagrosapolanco.com\/index.php?rest_route=\/wp\/v2\/types\/post"}],"author":[{"embeddable":true,"href":"https:\/\/lamilagrosapolanco.com\/index.php?rest_route=\/wp\/v2\/users\/11"}],"replies":[{"embeddable":true,"href":"https:\/\/lamilagrosapolanco.com\/index.php?rest_route=%2Fwp%2Fv2%2Fcomments&post=1526"}],"version-history":[{"count":4,"href":"https:\/\/lamilagrosapolanco.com\/index.php?rest_route=\/wp\/v2\/posts\/1526\/revisions"}],"predecessor-version":[{"id":2146,"href":"https:\/\/lamilagrosapolanco.com\/index.php?rest_route=\/wp\/v2\/posts\/1526\/revisions\/2146"}],"wp:featuredmedia":[{"embeddable":true,"href":"https:\/\/lamilagrosapolanco.com\/index.php?rest_route=\/wp\/v2\/media\/1529"}],"wp:attachment":[{"href":"https:\/\/lamilagrosapolanco.com\/index.php?rest_route=%2Fwp%2Fv2%2Fmedia&parent=1526"}],"wp:term":[{"taxonomy":"category","embeddable":true,"href":"https:\/\/lamilagrosapolanco.com\/index.php?rest_route=%2Fwp%2Fv2%2Fcategories&post=1526"},{"taxonomy":"post_tag","embeddable":true,"href":"https:\/\/lamilagrosapolanco.com\/index.php?rest_route=%2Fwp%2Fv2%2Ftags&post=1526"}],"curies":[{"name":"wp","href":"https:\/\/api.w.org\/{rel}","templated":true}]}}