

{"id":1520,"date":"2017-12-14T13:41:08","date_gmt":"2017-12-14T12:41:08","guid":{"rendered":"http:\/\/lamilagrosapolanco.com\/?p=1520"},"modified":"2018-05-11T18:50:47","modified_gmt":"2018-05-11T16:50:47","slug":"celebramos-la-milagrosa","status":"publish","type":"post","link":"https:\/\/lamilagrosapolanco.com\/?p=1520","title":{"rendered":"CELEBRAMOS LA MILAGROSA"},"content":{"rendered":"<p>[et_pb_section fb_built=\u00bb1&#8243; _builder_version=\u00bb3.2.2&#8243; use_background_color_gradient=\u00bbon\u00bb background_color_gradient_end=\u00bb#ffffff\u00bb background_color_gradient_type=\u00bbradial\u00bb bottom_divider_style=\u00bbasymmetric3&#8243; next_background_color=\u00bb#ffffff\u00bb][et_pb_row _builder_version=\u00bb3.2.2&#8243;][et_pb_column type=\u00bb4_4&#8243; _builder_version=\u00bb3.2.2&#8243; parallax=\u00bboff\u00bb parallax_method=\u00bbon\u00bb][et_pb_post_title _builder_version=\u00bb3.2.2&#8243;][\/et_pb_post_title][\/et_pb_column][\/et_pb_row][et_pb_row _builder_version=\u00bb3.2.2&#8243; background_size=\u00bbinitial\u00bb background_position=\u00bbtop_left\u00bb background_repeat=\u00bbrepeat\u00bb][et_pb_column type=\u00bb4_4&#8243; _builder_version=\u00bb3.0.47&#8243; parallax=\u00bboff\u00bb parallax_method=\u00bbon\u00bb][et_pb_text _builder_version=\u00bb3.2.2&#8243;]<\/p>\n<p><span style=\"font-size: large;\">El pasado 27 de Noviembre, toda la Comunidad Educativa, celebr\u00f3 La Milagrosa. En primer lugar, pudimos disfrutar de una recreaci\u00f3n realizada por los alumnos de 5\u00ba de primaria sobre la aparici\u00f3n de la Virgen Milagrosa a Santa Catalina Labour\u00e9. M\u00e1s tarde, acudimos a la capilla para asistir a la Eucarist\u00eda, en donde escuchamos atentamente los mensajes de fe.<\/span><\/p>\n<p>&nbsp;<\/p>\n<p>&nbsp;<\/p>\n<p>[\/et_pb_text][\/et_pb_column][\/et_pb_row][\/et_pb_section]<\/p>\n","protected":false},"excerpt":{"rendered":"<p>El pasado 27 de Noviembre, toda la Comunidad Educativa, celebr\u00f3 La Milagrosa. En primer lugar, pudimos disfrutar de una recreaci\u00f3n realizada por los alumnos de 5\u00ba de primaria sobre la aparici\u00f3n de la Virgen Milagrosa a Santa Catalina Labour\u00e9. M\u00e1s tarde, acudimos a la capilla para asistir a la Eucarist\u00eda, en donde escuchamos atentamente los [&hellip;]<\/p>\n","protected":false},"author":11,"featured_media":1523,"comment_status":"open","ping_status":"closed","sticky":false,"template":"","format":"standard","meta":{"_et_pb_use_builder":"on","_et_pb_old_content":"<p>El pasado 27 de Noviembre, toda la Comunidad Educativa, celebr\u00f3 La Milagrosa. En primer lugar, pudimos disfrutar de una recreaci\u00f3n realizada por los alumnos de 5\u00ba de primaria sobre la aparici\u00f3n de la Virgen Milagrosa a Santa Catalina Labour\u00e9. M\u00e1s tarde, acudimos a la capilla para asistir a la Eucarist\u00eda, en donde escuchamos atentamente los mensajes de fe.<br \/> <a href=\"http:\/\/lamilagrosapolanco.com\/wp-content\/uploads\/2017\/12\/DSC_0486.jpg\"><img class=\"aligncenter size-full wp-image-1521\" src=\"http:\/\/lamilagrosapolanco.com\/wp-content\/uploads\/2017\/12\/DSC_0486.jpg\" alt=\"dsc_0486\" width=\"6000\" height=\"4000\" \/><\/a><\/p><p><a href=\"http:\/\/lamilagrosapolanco.com\/wp-content\/uploads\/2017\/12\/DSC_0550.jpg\"><img class=\"aligncenter size-gallery wp-image-1522\" src=\"http:\/\/lamilagrosapolanco.com\/wp-content\/uploads\/2017\/12\/DSC_0550.jpg\" alt=\"dsc_0550\" width=\"4000\" height=\"6000\" \/><\/a><\/p><p><a href=\"http:\/\/lamilagrosapolanco.com\/wp-content\/uploads\/2017\/12\/DSC_0497.jpg\"><img class=\"aligncenter size-gallery wp-image-1523\" src=\"http:\/\/lamilagrosapolanco.com\/wp-content\/uploads\/2017\/12\/DSC_0497.jpg\" alt=\"dsc_0497\" width=\"6000\" height=\"4000\" \/><\/a><\/p>","_et_gb_content_width":"","footnotes":""},"categories":[1],"tags":[],"class_list":["post-1520","post","type-post","status-publish","format-standard","has-post-thumbnail","hentry","category-noticias"],"_links":{"self":[{"href":"https:\/\/lamilagrosapolanco.com\/index.php?rest_route=\/wp\/v2\/posts\/1520","targetHints":{"allow":["GET"]}}],"collection":[{"href":"https:\/\/lamilagrosapolanco.com\/index.php?rest_route=\/wp\/v2\/posts"}],"about":[{"href":"https:\/\/lamilagrosapolanco.com\/index.php?rest_route=\/wp\/v2\/types\/post"}],"author":[{"embeddable":true,"href":"https:\/\/lamilagrosapolanco.com\/index.php?rest_route=\/wp\/v2\/users\/11"}],"replies":[{"embeddable":true,"href":"https:\/\/lamilagrosapolanco.com\/index.php?rest_route=%2Fwp%2Fv2%2Fcomments&post=1520"}],"version-history":[{"count":4,"href":"https:\/\/lamilagrosapolanco.com\/index.php?rest_route=\/wp\/v2\/posts\/1520\/revisions"}],"predecessor-version":[{"id":2362,"href":"https:\/\/lamilagrosapolanco.com\/index.php?rest_route=\/wp\/v2\/posts\/1520\/revisions\/2362"}],"wp:featuredmedia":[{"embeddable":true,"href":"https:\/\/lamilagrosapolanco.com\/index.php?rest_route=\/wp\/v2\/media\/1523"}],"wp:attachment":[{"href":"https:\/\/lamilagrosapolanco.com\/index.php?rest_route=%2Fwp%2Fv2%2Fmedia&parent=1520"}],"wp:term":[{"taxonomy":"category","embeddable":true,"href":"https:\/\/lamilagrosapolanco.com\/index.php?rest_route=%2Fwp%2Fv2%2Fcategories&post=1520"},{"taxonomy":"post_tag","embeddable":true,"href":"https:\/\/lamilagrosapolanco.com\/index.php?rest_route=%2Fwp%2Fv2%2Ftags&post=1520"}],"curies":[{"name":"wp","href":"https:\/\/api.w.org\/{rel}","templated":true}]}}