

{"id":1184,"date":"2016-03-21T09:20:19","date_gmt":"2016-03-21T08:20:19","guid":{"rendered":"http:\/\/lamilagrosapolanco.com\/?p=1184"},"modified":"2016-03-21T09:20:19","modified_gmt":"2016-03-21T08:20:19","slug":"los-alumnos-de-1o-2o-de-primaria-visitan-amica","status":"publish","type":"post","link":"https:\/\/lamilagrosapolanco.com\/?p=1184","title":{"rendered":"LOS ALUMNOS DE 1\u00ba Y 2\u00ba DE PRIMARIA VISITAN AMICA"},"content":{"rendered":"<p>Los alumnos y alumnas de 1\u00ba y 2\u00ba de Primaria han tenido la oportunidad de visitar el centro de recuperaci\u00f3n y reciclaje de envases de Amica, situado en el Pol\u00edgono industrial de Candina en Santander.<\/p>\n<p>Una vez all\u00ed, vieron una obra con marionetas y participaron contestando a las preguntas acerca del correcto dep\u00f3sito de envases y residuos org\u00e1nicos.<img loading=\"lazy\" decoding=\"async\" class=\"aligncenter size-gallery wp-image-1191\" src=\"https:\/\/lamilagrosapolanco.com\/wp-content\/uploads\/2016\/03\/DSCN1714-710x575.jpg\" alt=\"DSCN1714\" width=\"710\" height=\"575\" srcset=\"https:\/\/lamilagrosapolanco.com\/wp-content\/uploads\/2016\/03\/DSCN1714-710x575.jpg 710w, https:\/\/lamilagrosapolanco.com\/wp-content\/uploads\/2016\/03\/DSCN1714-495x400.jpg 495w\" sizes=\"(max-width: 710px) 100vw, 710px\" \/><\/p>\n<p><img loading=\"lazy\" decoding=\"async\" class=\"aligncenter size-gallery wp-image-1190\" src=\"https:\/\/lamilagrosapolanco.com\/wp-content\/uploads\/2016\/03\/DSCN1724-710x575.jpg\" alt=\"DSCN1724\" width=\"710\" height=\"575\" srcset=\"https:\/\/lamilagrosapolanco.com\/wp-content\/uploads\/2016\/03\/DSCN1724-710x575.jpg 710w, https:\/\/lamilagrosapolanco.com\/wp-content\/uploads\/2016\/03\/DSCN1724-495x400.jpg 495w\" sizes=\"(max-width: 710px) 100vw, 710px\" \/><\/p>\n<p>Durante la visita por la planta \u00a0les explicaron el proceso\u00a0 de separaci\u00f3n de envases, desde que son depositados por los camiones, siguiendo por la separaci\u00f3n manual por parte del personal de Amica y finalmente pasando por la m\u00e1quina de prensar.<\/p>\n<p><img loading=\"lazy\" decoding=\"async\" class=\"aligncenter size-gallery wp-image-1189\" src=\"https:\/\/lamilagrosapolanco.com\/wp-content\/uploads\/2016\/03\/DSCN1739-710x575.jpg\" alt=\"DSCN1739\" width=\"710\" height=\"575\" srcset=\"https:\/\/lamilagrosapolanco.com\/wp-content\/uploads\/2016\/03\/DSCN1739-710x575.jpg 710w, https:\/\/lamilagrosapolanco.com\/wp-content\/uploads\/2016\/03\/DSCN1739-495x400.jpg 495w\" sizes=\"(max-width: 710px) 100vw, 710px\" \/><\/p>\n<p><img loading=\"lazy\" decoding=\"async\" class=\"aligncenter size-gallery wp-image-1188\" src=\"https:\/\/lamilagrosapolanco.com\/wp-content\/uploads\/2016\/03\/DSCN1759-710x575.jpg\" alt=\"DSCN1759\" width=\"710\" height=\"575\" srcset=\"https:\/\/lamilagrosapolanco.com\/wp-content\/uploads\/2016\/03\/DSCN1759-710x575.jpg 710w, https:\/\/lamilagrosapolanco.com\/wp-content\/uploads\/2016\/03\/DSCN1759-495x400.jpg 495w\" sizes=\"(max-width: 710px) 100vw, 710px\" \/><\/p>\n<p>Al final de la visita y para poder repasar todo lo que hab\u00edan aprendido, recibieron un cuento de regalo que adem\u00e1s pueden colorear.<\/p>\n<p>Despu\u00e9s fuimos al Parque de Las Llamas, dimos un paseo por el parque y vimos patos y ocas que viven en sus estanques. Cuando comimos nuestros bocatas, nuestros chicos y chicas se lo pasaron en grande tir\u00e1ndose por los toboganes y subi\u00e9ndose en los columpios.<\/p>\n<p><img loading=\"lazy\" decoding=\"async\" class=\"aligncenter size-gallery wp-image-1186\" src=\"https:\/\/lamilagrosapolanco.com\/wp-content\/uploads\/2016\/03\/DSCN1826-710x575.jpg\" alt=\"DSCN1826\" width=\"710\" height=\"575\" srcset=\"https:\/\/lamilagrosapolanco.com\/wp-content\/uploads\/2016\/03\/DSCN1826-710x575.jpg 710w, https:\/\/lamilagrosapolanco.com\/wp-content\/uploads\/2016\/03\/DSCN1826-495x400.jpg 495w\" sizes=\"(max-width: 710px) 100vw, 710px\" \/><\/p>\n<p><img loading=\"lazy\" decoding=\"async\" class=\"aligncenter size-gallery wp-image-1185\" src=\"https:\/\/lamilagrosapolanco.com\/wp-content\/uploads\/2016\/03\/DSCN1838-710x575.jpg\" alt=\"DSCN1838\" width=\"710\" height=\"575\" srcset=\"https:\/\/lamilagrosapolanco.com\/wp-content\/uploads\/2016\/03\/DSCN1838-710x575.jpg 710w, https:\/\/lamilagrosapolanco.com\/wp-content\/uploads\/2016\/03\/DSCN1838-495x400.jpg 495w\" sizes=\"(max-width: 710px) 100vw, 710px\" \/><\/p>\n<p>\u00a1Fue un d\u00eda genial para todos!<\/p>\n<p><img loading=\"lazy\" decoding=\"async\" class=\"aligncenter size-gallery wp-image-1187\" src=\"https:\/\/lamilagrosapolanco.com\/wp-content\/uploads\/2016\/03\/DSCN1798-710x575.jpg\" alt=\"DSCN1798\" width=\"710\" height=\"575\" srcset=\"https:\/\/lamilagrosapolanco.com\/wp-content\/uploads\/2016\/03\/DSCN1798-710x575.jpg 710w, https:\/\/lamilagrosapolanco.com\/wp-content\/uploads\/2016\/03\/DSCN1798-495x400.jpg 495w\" sizes=\"(max-width: 710px) 100vw, 710px\" \/><\/p>\n","protected":false},"excerpt":{"rendered":"<p>Los alumnos y alumnas de 1\u00ba y 2\u00ba de Primaria han tenido la oportunidad de visitar el centro de recuperaci\u00f3n y reciclaje de envases de Amica, situado en el Pol\u00edgono industrial de Candina en Santander. Una vez all\u00ed, vieron una obra con marionetas y participaron contestando a las preguntas acerca del correcto dep\u00f3sito de envases [&hellip;]<\/p>\n","protected":false},"author":11,"featured_media":1188,"comment_status":"open","ping_status":"closed","sticky":false,"template":"","format":"standard","meta":{"_et_pb_use_builder":"","_et_pb_old_content":"","_et_gb_content_width":"","footnotes":""},"categories":[1],"tags":[],"class_list":["post-1184","post","type-post","status-publish","format-standard","has-post-thumbnail","hentry","category-noticias"],"_links":{"self":[{"href":"https:\/\/lamilagrosapolanco.com\/index.php?rest_route=\/wp\/v2\/posts\/1184","targetHints":{"allow":["GET"]}}],"collection":[{"href":"https:\/\/lamilagrosapolanco.com\/index.php?rest_route=\/wp\/v2\/posts"}],"about":[{"href":"https:\/\/lamilagrosapolanco.com\/index.php?rest_route=\/wp\/v2\/types\/post"}],"author":[{"embeddable":true,"href":"https:\/\/lamilagrosapolanco.com\/index.php?rest_route=\/wp\/v2\/users\/11"}],"replies":[{"embeddable":true,"href":"https:\/\/lamilagrosapolanco.com\/index.php?rest_route=%2Fwp%2Fv2%2Fcomments&post=1184"}],"version-history":[{"count":1,"href":"https:\/\/lamilagrosapolanco.com\/index.php?rest_route=\/wp\/v2\/posts\/1184\/revisions"}],"predecessor-version":[{"id":1192,"href":"https:\/\/lamilagrosapolanco.com\/index.php?rest_route=\/wp\/v2\/posts\/1184\/revisions\/1192"}],"wp:featuredmedia":[{"embeddable":true,"href":"https:\/\/lamilagrosapolanco.com\/index.php?rest_route=\/wp\/v2\/media\/1188"}],"wp:attachment":[{"href":"https:\/\/lamilagrosapolanco.com\/index.php?rest_route=%2Fwp%2Fv2%2Fmedia&parent=1184"}],"wp:term":[{"taxonomy":"category","embeddable":true,"href":"https:\/\/lamilagrosapolanco.com\/index.php?rest_route=%2Fwp%2Fv2%2Fcategories&post=1184"},{"taxonomy":"post_tag","embeddable":true,"href":"https:\/\/lamilagrosapolanco.com\/index.php?rest_route=%2Fwp%2Fv2%2Ftags&post=1184"}],"curies":[{"name":"wp","href":"https:\/\/api.w.org\/{rel}","templated":true}]}}