

{"id":1087,"date":"2016-02-03T09:54:30","date_gmt":"2016-02-03T08:54:30","guid":{"rendered":"http:\/\/lamilagrosapolanco.com\/?p=1087"},"modified":"2016-02-03T09:54:30","modified_gmt":"2016-02-03T08:54:30","slug":"celebracion-del-34-aniversario-del-estatuto-de-autonomia","status":"publish","type":"post","link":"https:\/\/lamilagrosapolanco.com\/?p=1087","title":{"rendered":"CELEBRACI\u00d3N DEL 34 ANIVERSARIO DEL ESTATUTO DE AUTONOM\u00cdA"},"content":{"rendered":"<p>El diputado del PRC, Jos\u00e9 Miguel Fern\u00e1ndez Viadero, visit\u00f3 nuestro colegio el pasado 1 de febrero, con motivo del 34 aniversario del Estatuto de Autonom\u00eda de Cantabria. Durante el tiempo que estuvo, explic\u00f3 a los alumnos que es el Estatuto, y el funcionamiento del Parlamento de Cantabria. Al finalizar, el alumnado le realiz\u00f3 numerosas preguntas sobre curiosidades que ten\u00edan. Agradecer a Jos\u00e9 Miguel, su visita y, lo encantador que estuvo con los ni\u00f1os.<img loading=\"lazy\" decoding=\"async\" class=\"aligncenter size-gallery wp-image-1088\" src=\"https:\/\/lamilagrosapolanco.com\/wp-content\/uploads\/2016\/02\/IMG_20160201_090141-710x575.jpg\" alt=\"IMG_20160201_090141\" width=\"710\" height=\"575\" srcset=\"https:\/\/lamilagrosapolanco.com\/wp-content\/uploads\/2016\/02\/IMG_20160201_090141-710x575.jpg 710w, https:\/\/lamilagrosapolanco.com\/wp-content\/uploads\/2016\/02\/IMG_20160201_090141-495x400.jpg 495w\" sizes=\"(max-width: 710px) 100vw, 710px\" \/> <img loading=\"lazy\" decoding=\"async\" class=\"aligncenter size-gallery wp-image-1089\" src=\"https:\/\/lamilagrosapolanco.com\/wp-content\/uploads\/2016\/02\/IMG_20160201_090221-710x575.jpg\" alt=\"IMG_20160201_090221\" width=\"710\" height=\"575\" srcset=\"https:\/\/lamilagrosapolanco.com\/wp-content\/uploads\/2016\/02\/IMG_20160201_090221-710x575.jpg 710w, https:\/\/lamilagrosapolanco.com\/wp-content\/uploads\/2016\/02\/IMG_20160201_090221-495x400.jpg 495w\" sizes=\"(max-width: 710px) 100vw, 710px\" \/> <img loading=\"lazy\" decoding=\"async\" class=\"aligncenter size-gallery wp-image-1090\" src=\"https:\/\/lamilagrosapolanco.com\/wp-content\/uploads\/2016\/02\/IMG_20160201_090314-710x575.jpg\" alt=\"IMG_20160201_090314\" width=\"710\" height=\"575\" srcset=\"https:\/\/lamilagrosapolanco.com\/wp-content\/uploads\/2016\/02\/IMG_20160201_090314-710x575.jpg 710w, https:\/\/lamilagrosapolanco.com\/wp-content\/uploads\/2016\/02\/IMG_20160201_090314-495x400.jpg 495w\" sizes=\"(max-width: 710px) 100vw, 710px\" \/><\/p>\n","protected":false},"excerpt":{"rendered":"<p>El diputado del PRC, Jos\u00e9 Miguel Fern\u00e1ndez Viadero, visit\u00f3 nuestro colegio el pasado 1 de febrero, con motivo del 34 aniversario del Estatuto de Autonom\u00eda de Cantabria. Durante el tiempo que estuvo, explic\u00f3 a los alumnos que es el Estatuto, y el funcionamiento del Parlamento de Cantabria. Al finalizar, el alumnado le realiz\u00f3 numerosas preguntas [&hellip;]<\/p>\n","protected":false},"author":11,"featured_media":1090,"comment_status":"open","ping_status":"closed","sticky":false,"template":"","format":"standard","meta":{"_et_pb_use_builder":"","_et_pb_old_content":"","_et_gb_content_width":"","footnotes":""},"categories":[1],"tags":[],"class_list":["post-1087","post","type-post","status-publish","format-standard","has-post-thumbnail","hentry","category-noticias"],"_links":{"self":[{"href":"https:\/\/lamilagrosapolanco.com\/index.php?rest_route=\/wp\/v2\/posts\/1087","targetHints":{"allow":["GET"]}}],"collection":[{"href":"https:\/\/lamilagrosapolanco.com\/index.php?rest_route=\/wp\/v2\/posts"}],"about":[{"href":"https:\/\/lamilagrosapolanco.com\/index.php?rest_route=\/wp\/v2\/types\/post"}],"author":[{"embeddable":true,"href":"https:\/\/lamilagrosapolanco.com\/index.php?rest_route=\/wp\/v2\/users\/11"}],"replies":[{"embeddable":true,"href":"https:\/\/lamilagrosapolanco.com\/index.php?rest_route=%2Fwp%2Fv2%2Fcomments&post=1087"}],"version-history":[{"count":1,"href":"https:\/\/lamilagrosapolanco.com\/index.php?rest_route=\/wp\/v2\/posts\/1087\/revisions"}],"predecessor-version":[{"id":1091,"href":"https:\/\/lamilagrosapolanco.com\/index.php?rest_route=\/wp\/v2\/posts\/1087\/revisions\/1091"}],"wp:featuredmedia":[{"embeddable":true,"href":"https:\/\/lamilagrosapolanco.com\/index.php?rest_route=\/wp\/v2\/media\/1090"}],"wp:attachment":[{"href":"https:\/\/lamilagrosapolanco.com\/index.php?rest_route=%2Fwp%2Fv2%2Fmedia&parent=1087"}],"wp:term":[{"taxonomy":"category","embeddable":true,"href":"https:\/\/lamilagrosapolanco.com\/index.php?rest_route=%2Fwp%2Fv2%2Fcategories&post=1087"},{"taxonomy":"post_tag","embeddable":true,"href":"https:\/\/lamilagrosapolanco.com\/index.php?rest_route=%2Fwp%2Fv2%2Ftags&post=1087"}],"curies":[{"name":"wp","href":"https:\/\/api.w.org\/{rel}","templated":true}]}}