

{"id":1077,"date":"2016-02-03T09:08:38","date_gmt":"2016-02-03T08:08:38","guid":{"rendered":"http:\/\/lamilagrosapolanco.com\/?p=1077"},"modified":"2016-02-03T09:08:38","modified_gmt":"2016-02-03T08:08:38","slug":"dia-de-la-paz","status":"publish","type":"post","link":"https:\/\/lamilagrosapolanco.com\/?p=1077","title":{"rendered":"D\u00cdA DE LA PAZ"},"content":{"rendered":"<p>Toda la Comunidad Educativa del colegio La Milagrosa, celebr\u00f3 el pasado viernes 29 de agosto el D\u00cdA DE LA PAZ. Por motivos, meteorol\u00f3gicos, se celebr\u00f3 en el polideportivo del cole, en donde un representante de cada clase ley\u00f3 un manifiesto a favor de la NO VIOLENCIA. Al acto acudi\u00f3 la alcaldesa de Polanco quien tambi\u00e9n manifest\u00f3 su rechazo a todos los actos violentos que se originan en el mundo. Para finalizar, se lanzaron numerosas palomas como s\u00edmbolo de PAZ.<\/p>\n<p><img loading=\"lazy\" decoding=\"async\" class=\"aligncenter size-gallery wp-image-1078\" src=\"https:\/\/lamilagrosapolanco.com\/wp-content\/uploads\/2016\/02\/DSC06696-710x575.jpg\" alt=\"SONY DSC\" width=\"710\" height=\"575\" srcset=\"https:\/\/lamilagrosapolanco.com\/wp-content\/uploads\/2016\/02\/DSC06696-710x575.jpg 710w, https:\/\/lamilagrosapolanco.com\/wp-content\/uploads\/2016\/02\/DSC06696-495x400.jpg 495w\" sizes=\"(max-width: 710px) 100vw, 710px\" \/> <img loading=\"lazy\" decoding=\"async\" class=\"aligncenter size-gallery wp-image-1079\" src=\"https:\/\/lamilagrosapolanco.com\/wp-content\/uploads\/2016\/02\/DSC06796-710x575.jpg\" alt=\"SONY DSC\" width=\"710\" height=\"575\" srcset=\"https:\/\/lamilagrosapolanco.com\/wp-content\/uploads\/2016\/02\/DSC06796-710x575.jpg 710w, https:\/\/lamilagrosapolanco.com\/wp-content\/uploads\/2016\/02\/DSC06796-495x400.jpg 495w\" sizes=\"(max-width: 710px) 100vw, 710px\" \/> <img loading=\"lazy\" decoding=\"async\" class=\"aligncenter size-gallery wp-image-1080\" src=\"https:\/\/lamilagrosapolanco.com\/wp-content\/uploads\/2016\/02\/DSC06855-710x575.jpg\" alt=\"SONY DSC\" width=\"710\" height=\"575\" srcset=\"https:\/\/lamilagrosapolanco.com\/wp-content\/uploads\/2016\/02\/DSC06855-710x575.jpg 710w, https:\/\/lamilagrosapolanco.com\/wp-content\/uploads\/2016\/02\/DSC06855-495x400.jpg 495w\" sizes=\"(max-width: 710px) 100vw, 710px\" \/> <img loading=\"lazy\" decoding=\"async\" class=\"aligncenter size-gallery wp-image-1081\" src=\"https:\/\/lamilagrosapolanco.com\/wp-content\/uploads\/2016\/02\/DSC06891-710x575.jpg\" alt=\"SONY DSC\" width=\"710\" height=\"575\" srcset=\"https:\/\/lamilagrosapolanco.com\/wp-content\/uploads\/2016\/02\/DSC06891-710x575.jpg 710w, https:\/\/lamilagrosapolanco.com\/wp-content\/uploads\/2016\/02\/DSC06891-495x400.jpg 495w\" sizes=\"(max-width: 710px) 100vw, 710px\" \/> <img loading=\"lazy\" decoding=\"async\" class=\"aligncenter size-gallery wp-image-1082\" src=\"https:\/\/lamilagrosapolanco.com\/wp-content\/uploads\/2016\/02\/DSC06743-710x575.jpg\" alt=\"SONY DSC\" width=\"710\" height=\"575\" srcset=\"https:\/\/lamilagrosapolanco.com\/wp-content\/uploads\/2016\/02\/DSC06743-710x575.jpg 710w, https:\/\/lamilagrosapolanco.com\/wp-content\/uploads\/2016\/02\/DSC06743-495x400.jpg 495w\" sizes=\"(max-width: 710px) 100vw, 710px\" \/> <img loading=\"lazy\" decoding=\"async\" class=\"aligncenter size-gallery wp-image-1083\" src=\"https:\/\/lamilagrosapolanco.com\/wp-content\/uploads\/2016\/02\/DSC06868-710x575.jpg\" alt=\"SONY DSC\" width=\"710\" height=\"575\" srcset=\"https:\/\/lamilagrosapolanco.com\/wp-content\/uploads\/2016\/02\/DSC06868-710x575.jpg 710w, https:\/\/lamilagrosapolanco.com\/wp-content\/uploads\/2016\/02\/DSC06868-495x400.jpg 495w\" sizes=\"(max-width: 710px) 100vw, 710px\" \/> <img loading=\"lazy\" decoding=\"async\" class=\"aligncenter size-gallery wp-image-1084\" src=\"https:\/\/lamilagrosapolanco.com\/wp-content\/uploads\/2016\/02\/DSC06848-710x575.jpg\" alt=\"SONY DSC\" width=\"710\" height=\"575\" srcset=\"https:\/\/lamilagrosapolanco.com\/wp-content\/uploads\/2016\/02\/DSC06848-710x575.jpg 710w, https:\/\/lamilagrosapolanco.com\/wp-content\/uploads\/2016\/02\/DSC06848-495x400.jpg 495w\" sizes=\"(max-width: 710px) 100vw, 710px\" \/> <img loading=\"lazy\" decoding=\"async\" class=\"aligncenter size-gallery wp-image-1085\" src=\"https:\/\/lamilagrosapolanco.com\/wp-content\/uploads\/2016\/02\/DSC06894-710x575.jpg\" alt=\"SONY DSC\" width=\"710\" height=\"575\" srcset=\"https:\/\/lamilagrosapolanco.com\/wp-content\/uploads\/2016\/02\/DSC06894-710x575.jpg 710w, https:\/\/lamilagrosapolanco.com\/wp-content\/uploads\/2016\/02\/DSC06894-495x400.jpg 495w\" sizes=\"(max-width: 710px) 100vw, 710px\" \/><\/p>\n","protected":false},"excerpt":{"rendered":"<p>Toda la Comunidad Educativa del colegio La Milagrosa, celebr\u00f3 el pasado viernes 29 de agosto el D\u00cdA DE LA PAZ. Por motivos, meteorol\u00f3gicos, se celebr\u00f3 en el polideportivo del cole, en donde un representante de cada clase ley\u00f3 un manifiesto a favor de la NO VIOLENCIA. Al acto acudi\u00f3 la alcaldesa de Polanco quien tambi\u00e9n [&hellip;]<\/p>\n","protected":false},"author":11,"featured_media":1083,"comment_status":"open","ping_status":"closed","sticky":false,"template":"","format":"standard","meta":{"_et_pb_use_builder":"","_et_pb_old_content":"","_et_gb_content_width":"","footnotes":""},"categories":[1],"tags":[],"class_list":["post-1077","post","type-post","status-publish","format-standard","has-post-thumbnail","hentry","category-noticias"],"_links":{"self":[{"href":"https:\/\/lamilagrosapolanco.com\/index.php?rest_route=\/wp\/v2\/posts\/1077","targetHints":{"allow":["GET"]}}],"collection":[{"href":"https:\/\/lamilagrosapolanco.com\/index.php?rest_route=\/wp\/v2\/posts"}],"about":[{"href":"https:\/\/lamilagrosapolanco.com\/index.php?rest_route=\/wp\/v2\/types\/post"}],"author":[{"embeddable":true,"href":"https:\/\/lamilagrosapolanco.com\/index.php?rest_route=\/wp\/v2\/users\/11"}],"replies":[{"embeddable":true,"href":"https:\/\/lamilagrosapolanco.com\/index.php?rest_route=%2Fwp%2Fv2%2Fcomments&post=1077"}],"version-history":[{"count":1,"href":"https:\/\/lamilagrosapolanco.com\/index.php?rest_route=\/wp\/v2\/posts\/1077\/revisions"}],"predecessor-version":[{"id":1086,"href":"https:\/\/lamilagrosapolanco.com\/index.php?rest_route=\/wp\/v2\/posts\/1077\/revisions\/1086"}],"wp:featuredmedia":[{"embeddable":true,"href":"https:\/\/lamilagrosapolanco.com\/index.php?rest_route=\/wp\/v2\/media\/1083"}],"wp:attachment":[{"href":"https:\/\/lamilagrosapolanco.com\/index.php?rest_route=%2Fwp%2Fv2%2Fmedia&parent=1077"}],"wp:term":[{"taxonomy":"category","embeddable":true,"href":"https:\/\/lamilagrosapolanco.com\/index.php?rest_route=%2Fwp%2Fv2%2Fcategories&post=1077"},{"taxonomy":"post_tag","embeddable":true,"href":"https:\/\/lamilagrosapolanco.com\/index.php?rest_route=%2Fwp%2Fv2%2Ftags&post=1077"}],"curies":[{"name":"wp","href":"https:\/\/api.w.org\/{rel}","templated":true}]}}