

{"id":1070,"date":"2016-02-02T09:45:41","date_gmt":"2016-02-02T08:45:41","guid":{"rendered":"http:\/\/lamilagrosapolanco.com\/?p=1070"},"modified":"2016-02-02T09:45:42","modified_gmt":"2016-02-02T08:45:42","slug":"dia-de-la-infancia-misionera","status":"publish","type":"post","link":"https:\/\/lamilagrosapolanco.com\/?p=1070","title":{"rendered":"D\u00cdA DE LA INFANCIA MISIONERA"},"content":{"rendered":"<p>El pasado 22 de enero, los alumnos de 3\u00ba de primaria, prepararon una celebraci\u00f3n para todo el colegio, con motivo del D\u00eda de la Infancia Misionera. \u00a0Nos hablaron de la importancia de la cooperaci\u00f3n y colaboraci\u00f3n con los dem\u00e1s y, de la ayuda a los m\u00e1s necesitados.<\/p>\n<p><img loading=\"lazy\" decoding=\"async\" class=\"aligncenter size-gallery wp-image-1071\" src=\"https:\/\/lamilagrosapolanco.com\/wp-content\/uploads\/2016\/02\/DSC06568-710x575.jpg\" alt=\"SONY DSC\" width=\"710\" height=\"575\" srcset=\"https:\/\/lamilagrosapolanco.com\/wp-content\/uploads\/2016\/02\/DSC06568-710x575.jpg 710w, https:\/\/lamilagrosapolanco.com\/wp-content\/uploads\/2016\/02\/DSC06568-495x400.jpg 495w\" sizes=\"(max-width: 710px) 100vw, 710px\" \/> <img loading=\"lazy\" decoding=\"async\" class=\"aligncenter size-gallery wp-image-1072\" src=\"https:\/\/lamilagrosapolanco.com\/wp-content\/uploads\/2016\/02\/DSC06582-710x575.jpg\" alt=\"SONY DSC\" width=\"710\" height=\"575\" srcset=\"https:\/\/lamilagrosapolanco.com\/wp-content\/uploads\/2016\/02\/DSC06582-710x575.jpg 710w, https:\/\/lamilagrosapolanco.com\/wp-content\/uploads\/2016\/02\/DSC06582-495x400.jpg 495w\" sizes=\"(max-width: 710px) 100vw, 710px\" \/> <img loading=\"lazy\" decoding=\"async\" class=\"aligncenter size-gallery wp-image-1073\" src=\"https:\/\/lamilagrosapolanco.com\/wp-content\/uploads\/2016\/02\/DSC06612-710x575.jpg\" alt=\"SONY DSC\" width=\"710\" height=\"575\" srcset=\"https:\/\/lamilagrosapolanco.com\/wp-content\/uploads\/2016\/02\/DSC06612-710x575.jpg 710w, https:\/\/lamilagrosapolanco.com\/wp-content\/uploads\/2016\/02\/DSC06612-495x400.jpg 495w\" sizes=\"(max-width: 710px) 100vw, 710px\" \/> <img loading=\"lazy\" decoding=\"async\" class=\"aligncenter size-gallery wp-image-1074\" src=\"https:\/\/lamilagrosapolanco.com\/wp-content\/uploads\/2016\/02\/DSC06574-710x575.jpg\" alt=\"SONY DSC\" width=\"710\" height=\"575\" srcset=\"https:\/\/lamilagrosapolanco.com\/wp-content\/uploads\/2016\/02\/DSC06574-710x575.jpg 710w, https:\/\/lamilagrosapolanco.com\/wp-content\/uploads\/2016\/02\/DSC06574-495x400.jpg 495w\" sizes=\"(max-width: 710px) 100vw, 710px\" \/> <img loading=\"lazy\" decoding=\"async\" class=\"aligncenter size-gallery wp-image-1075\" src=\"https:\/\/lamilagrosapolanco.com\/wp-content\/uploads\/2016\/02\/DSC06595-710x575.jpg\" alt=\"SONY DSC\" width=\"710\" height=\"575\" srcset=\"https:\/\/lamilagrosapolanco.com\/wp-content\/uploads\/2016\/02\/DSC06595-710x575.jpg 710w, https:\/\/lamilagrosapolanco.com\/wp-content\/uploads\/2016\/02\/DSC06595-495x400.jpg 495w\" sizes=\"(max-width: 710px) 100vw, 710px\" \/><\/p>\n","protected":false},"excerpt":{"rendered":"<p>El pasado 22 de enero, los alumnos de 3\u00ba de primaria, prepararon una celebraci\u00f3n para todo el colegio, con motivo del D\u00eda de la Infancia Misionera. \u00a0Nos hablaron de la importancia de la cooperaci\u00f3n y colaboraci\u00f3n con los dem\u00e1s y, de la ayuda a los m\u00e1s necesitados.<\/p>\n","protected":false},"author":11,"featured_media":1073,"comment_status":"open","ping_status":"closed","sticky":false,"template":"","format":"standard","meta":{"_et_pb_use_builder":"","_et_pb_old_content":"","_et_gb_content_width":"","footnotes":""},"categories":[1],"tags":[],"class_list":["post-1070","post","type-post","status-publish","format-standard","has-post-thumbnail","hentry","category-noticias"],"_links":{"self":[{"href":"https:\/\/lamilagrosapolanco.com\/index.php?rest_route=\/wp\/v2\/posts\/1070","targetHints":{"allow":["GET"]}}],"collection":[{"href":"https:\/\/lamilagrosapolanco.com\/index.php?rest_route=\/wp\/v2\/posts"}],"about":[{"href":"https:\/\/lamilagrosapolanco.com\/index.php?rest_route=\/wp\/v2\/types\/post"}],"author":[{"embeddable":true,"href":"https:\/\/lamilagrosapolanco.com\/index.php?rest_route=\/wp\/v2\/users\/11"}],"replies":[{"embeddable":true,"href":"https:\/\/lamilagrosapolanco.com\/index.php?rest_route=%2Fwp%2Fv2%2Fcomments&post=1070"}],"version-history":[{"count":1,"href":"https:\/\/lamilagrosapolanco.com\/index.php?rest_route=\/wp\/v2\/posts\/1070\/revisions"}],"predecessor-version":[{"id":1076,"href":"https:\/\/lamilagrosapolanco.com\/index.php?rest_route=\/wp\/v2\/posts\/1070\/revisions\/1076"}],"wp:featuredmedia":[{"embeddable":true,"href":"https:\/\/lamilagrosapolanco.com\/index.php?rest_route=\/wp\/v2\/media\/1073"}],"wp:attachment":[{"href":"https:\/\/lamilagrosapolanco.com\/index.php?rest_route=%2Fwp%2Fv2%2Fmedia&parent=1070"}],"wp:term":[{"taxonomy":"category","embeddable":true,"href":"https:\/\/lamilagrosapolanco.com\/index.php?rest_route=%2Fwp%2Fv2%2Fcategories&post=1070"},{"taxonomy":"post_tag","embeddable":true,"href":"https:\/\/lamilagrosapolanco.com\/index.php?rest_route=%2Fwp%2Fv2%2Ftags&post=1070"}],"curies":[{"name":"wp","href":"https:\/\/api.w.org\/{rel}","templated":true}]}}